{"id":441175,"date":"2025-10-05T17:17:11","date_gmt":"2025-10-05T17:17:11","guid":{"rendered":"https:\/\/www.europesays.com\/fr\/441175\/"},"modified":"2025-10-05T17:17:11","modified_gmt":"2025-10-05T17:17:11","slug":"que-vaut-la-nouvelle-saison-de-la-serie-netflix","status":"publish","type":"post","link":"https:\/\/www.europesays.com\/fr\/441175\/","title":{"rendered":"Que vaut la nouvelle saison de la s\u00e9rie Netflix ?"},"content":{"rendered":"<p>Apr\u00e8s deux premi\u00e8res saisons, aussi <a href=\"https:\/\/www.20minutes.fr\/people\/4004279-20221009-serie-netflix-jeffrey-dahmer-entre-top-10-series-plus-regardees-plateforme\" class=\"c-link c-link--is-underlined\" target=\"_blank\" rel=\"noopener\">remarqu\u00e9es<\/a> que <a href=\"https:\/\/www.20minutes.fr\/people\/4002151-20220923-proches-victimes-jeffrey-dahmer-furieux-contre-serie-ryan-murphy-netflix\" class=\"c-link c-link--is-underlined\" target=\"_blank\" rel=\"noopener\">controvers\u00e9es<\/a>, consacr\u00e9es \u00e0 <a href=\"https:\/\/www.20minutes.fr\/culture\/4002389-20220926-netflix-serie-dahmer-merite-mieux-accusations-sensationnalisme\" class=\"c-link c-link--is-underlined\" target=\"_blank\" rel=\"noopener\">Jeffrey Dahmer<\/a> et aux <a href=\"https:\/\/www.20minutes.fr\/arts-stars\/serie\/4110965-20240919-netflix-empare-autre-fait-divers-sordide-suite-serie-dahmer-deconseillee-moins-18-ans\" class=\"c-link c-link--is-underlined\" target=\"_blank\" rel=\"noopener\">fr\u00e8res Menendez<\/a>, la s\u00e9rie d\u2019anthologie Monstre, de Ryan Murphy et Ian Brennan, mise en ligne vendredi sur <a href=\"https:\/\/www.20minutes.fr\/dossier\/netflix\" class=\"c-link c-link--is-underlined\" target=\"_blank\" rel=\"noopener\">Netflix<\/a>, aborde le cas Ed Gein.<\/p>\n<p>Si son nom \u00e9voque moins de choses en France que celui d\u2019un Charles Manson ou d\u2019un Ted Bundy, celui qui fut surnomm\u00e9 \u00ab\u00a0Le boucher de Plainfield\u00a0\u00bb, a marqu\u00e9 les annales de l\u2019histoire criminelle des <a href=\"https:\/\/www.20minutes.fr\/monde\/etats-unis\/\" class=\"c-link c-link--is-underlined\" target=\"_blank\" rel=\"noopener\">Etats-Unis<\/a>. Il a tu\u00e9 deux femmes, est soup\u00e7onn\u00e9 d\u2019avoir assassin\u00e9 sept autres personnes &#8211; dont son fr\u00e8re \u2013, et a profan\u00e9 plus d\u2019une douzaine de s\u00e9pultures. Entre\u00a01944 et\u00a01957, ann\u00e9e de son arrestation, Ed Gein, a ainsi ramen\u00e9 dans sa ferme du Wisconsin treize cadavres de femmes, qu\u2019il a mutil\u00e9s, utilisant les peaux pour confectionner divers objets (abats-jours, chaises\u2026) ainsi qu\u2019une seconde peau, litt\u00e9rallement, qu\u2019il n\u2019h\u00e9sitait pas \u00e0 rev\u00eatir.<\/p>\n<p>Ed Gein a influenc\u00e9 \u00ab\u00a0Psychose\u00a0\u00bb et \u00ab\u00a0Massacre \u00e0 la tron\u00e7onneuse\u00a0\u00bb<\/p>\n<p>Ed Gein a aussi inspir\u00e9 Alfred Hitchcok pour Psychose, Tobe Hooper pour Massacre \u00e0 la tron\u00e7onneuse et Jonathan Demme pour Le Silence des agneaux. Des criminels \u00e9tats-uniens, \u00e0 commencer par Richard Speck, ont aussi revendiqu\u00e9 leur admiration envers lui, interpr\u00e9tant \u00e0 leur mani\u00e8re ses crimes et motivations.<\/p>\n<p>Dans le huiti\u00e8me et dernier \u00e9pisode de la s\u00e9rie Netflix, il est sugg\u00e9r\u00e9 \u00e0 Ed Gein, incarn\u00e9 par Charlie Hunnam (Queer as folk, Sons of anarchy\u2026), d\u2019\u00e9crire lui-m\u00eame ses M\u00e9moires, pour retracer son existence que beaucoup ont instrumentalis\u00e9e, r\u00e9\u00e9crite, transform\u00e9e\u2026 \u00ab\u00a0Assez de gens ont racont\u00e9 mon histoire. Ils semblent la conna\u00eetre mieux que moi\u00a0\u00bb, r\u00e9pond-il. Un reproche qui pourrait \u00eatre adress\u00e9 au sc\u00e9nariste Ian Brennan lui-m\u00eame qui, pour Monster, s\u2019octroie de grandes libert\u00e9s et impose une vision toute personnelle du tueur.<\/p>\n<\/p>\n<p>La r\u00e9flexion du Ed Gein de fiction d\u00e9samorce \u00e9galement une partie des critiques qui pourraient \u00eatre faites \u00e0 la s\u00e9rie. Certains aspects de cette interpr\u00e9tation libre nuisent au r\u00e9sultat final, \u00e0 commencer par le traitement du personnage d\u2019Adelina (Suzanna Son). Dans la r\u00e9alit\u00e9, celle qui fut la petite amie d\u2019Ed Gein, a affirm\u00e9 n\u2019avoir pas eu connaissance de l\u2019ampleur de ses agissements. Dans la fiction de Netflix, elle est pr\u00e9sent\u00e9e comme mue par une fascination macabre, une qu\u00eate de reconnaissance publique et quasiment comme une complice silencieuse.<\/p>\n<p>Les instincts voyeuristes du public<\/p>\n<p>L\u2019int\u00e9r\u00eat de la s\u00e9rie r\u00e9side surtout dans la mani\u00e8re dont elle traite de l\u2019impact des crimes d\u2019Ed Gein dans la psych\u00e9 \u00e9tats-unienne, soulignant \u00e0 quel point, plus de quarante ans apr\u00e8s sa mort, il continue de hanter l\u2019inconscient du pays. Les quatre premiers \u00e9pisodes osent des allers et retours audacieux avec les tournages de Psychose et de Massacre \u00e0 la tron\u00e7onneuse.<\/p>\n<p>La s\u00e9rie prend \u00e0 ces moments-l\u00e0 une dimension meta en montrant dans quelle mesure l\u2019industrie du cin\u00e9ma (et, par extension, des s\u00e9ries), s\u2019arrange avec la v\u00e9rit\u00e9 des faits, se les approprie pour raconter, g\u00e9n\u00e9ralement, tout autre chose, et, in fine, utilise les horreurs survenues pour flatter les instincts voyeuristes de spectateurs avides de sensationnalisme. \u00ab\u00a0Ils ne peuvent d\u00e9tourner les yeux\u00a0\u00bb, lance ainsi face cam\u00e9ra le Ed Gein de Netflix, brisant le quatri\u00e8me mur pour confronter le public et l\u2019interroger indirectement sur ce qui l\u2019a pouss\u00e9 \u00e0 appuyer sur \u00ab\u00a0lecture\u00a0\u00bb.<\/p>\n<p>Monstre\u00a0: L\u2019histoire d\u2019Ed Gein s\u2019\u00e9carte donc du strict r\u00e9cit biographique pour \u00e9voquer la fascination universelle pour les \u00ab\u00a0true crimes\u00a0\u00bb. La s\u00e9rie expose aussi une galerie de personnages de m\u00e8res au niveau de toxicit\u00e9 variable\u00a0: castratrice, d\u00e9sinvestie, mal aimante\u2026 Un propos qui peut faire tiquer par sa dimension simpliste relevant davantage de la psychologie de comptoir que du trait\u00e9 sociologique.<\/p>\n<p>Ed Gein n\u2019\u00e9tait pas trans<\/p>\n<p>Autre \u00e9l\u00e9ment sensible\u00a0: la question du travestissement et de la <a href=\"https:\/\/www.20minutes.fr\/dossier\/transgenre\" class=\"c-link c-link--is-underlined\" target=\"_blank\" rel=\"noopener\">transidentit\u00e9<\/a> qui parcourent l\u2019ensemble des \u00e9pisodes. Ed Gein, qui avait l\u2019habitude de rev\u00eatir des sous-v\u00eatements f\u00e9minins et, comme cela a \u00e9t\u00e9 \u00e9voqu\u00e9 plus haut, de mutiler des femmes pour entrer dans leur peau au sens propre (fa\u00e7on de parler), est pr\u00e9sent\u00e9 comme intrigu\u00e9 par Christine Jorgensen, dont la transidentit\u00e9 a \u00e9t\u00e9 largement m\u00e9diatis\u00e9e dans les Etats-Unis des ann\u00e9es\u00a01950.<\/p>\n<p>Le sc\u00e9nario s\u2019aventure \u00e0 la faire dialoguer avec Ed Gein et prend le soin d\u2019affirmer que ce dernier n\u2019\u00e9tait assur\u00e9ment pas trans et que les personnes trans sont bien moins autrices que victimes de crimes. Il n\u2019emp\u00eache, \u00e0 une p\u00e9riode o\u00f9<a href=\"https:\/\/www.20minutes.fr\/monde\/etats-unis\/4173354-20250918-assassinat-charlie-kirk-etats-unis-personnes-transgenres-erigees-boucs-emissaires\" class=\"c-link c-link--is-underlined\" target=\"_blank\" rel=\"noopener\"> les personnes trans sont l\u2019un des boucs \u00e9missaires privil\u00e9gi\u00e9s des conservateurs \u00e9tats-uniens<\/a>, il est possible de redouter que toute une partie de la droite et de l\u2019extr\u00eame droite vienne \u00e0 d\u00e9tourner le propos de la s\u00e9rie pour la fondre dans son argumentaire discriminatoire.<\/p>\n<p><a href=\"https:\/\/www.20minutes.fr\/arts-stars\/serie\/\" class=\"c-link c-btn c-btn--primary\" target=\"_blank\" rel=\"noopener\">Nos articles sur l&rsquo;actu des s\u00e9ries<\/a><\/p>\n<p>Si cela venait \u00e0 se produire, outre les effets d\u00e9vastateurs qui en d\u00e9couleraient, cela serait un nouvel exemple de la mani\u00e8re dont l\u2019histoire d\u2019Ed Gein n\u2019a pas fini d\u2019\u00eatre instrumentalis\u00e9e. Et que la s\u00e9rie de Netflix fait ce qu\u2019elle d\u00e9nonce.<\/p>\n","protected":false},"excerpt":{"rendered":"Apr\u00e8s deux premi\u00e8res saisons, aussi remarqu\u00e9es que controvers\u00e9es, consacr\u00e9es \u00e0 Jeffrey Dahmer et aux fr\u00e8res Menendez, la s\u00e9rie&hellip;\n","protected":false},"author":2,"featured_media":441176,"comment_status":"","ping_status":"","sticky":false,"template":"","format":"standard","meta":{"footnotes":""},"categories":[8],"tags":[251,58,59,73,1011,27,127,521,3209],"class_list":{"0":"post-441175","1":"post","2":"type-post","3":"status-publish","4":"format-standard","5":"has-post-thumbnail","7":"category-divertissement","8":"tag-culture","9":"tag-divertissement","10":"tag-entertainment","11":"tag-etats-unis","12":"tag-fr","13":"tag-france","14":"tag-netflix","15":"tag-serie","16":"tag-tueur-en-serie"},"share_on_mastodon":{"url":"https:\/\/pubeurope.com\/@fr\/115322699381768646","error":""},"_links":{"self":[{"href":"https:\/\/www.europesays.com\/fr\/wp-json\/wp\/v2\/posts\/441175","targetHints":{"allow":["GET"]}}],"collection":[{"href":"https:\/\/www.europesays.com\/fr\/wp-json\/wp\/v2\/posts"}],"about":[{"href":"https:\/\/www.europesays.com\/fr\/wp-json\/wp\/v2\/types\/post"}],"author":[{"embeddable":true,"href":"https:\/\/www.europesays.com\/fr\/wp-json\/wp\/v2\/users\/2"}],"replies":[{"embeddable":true,"href":"https:\/\/www.europesays.com\/fr\/wp-json\/wp\/v2\/comments?post=441175"}],"version-history":[{"count":0,"href":"https:\/\/www.europesays.com\/fr\/wp-json\/wp\/v2\/posts\/441175\/revisions"}],"wp:featuredmedia":[{"embeddable":true,"href":"https:\/\/www.europesays.com\/fr\/wp-json\/wp\/v2\/media\/441176"}],"wp:attachment":[{"href":"https:\/\/www.europesays.com\/fr\/wp-json\/wp\/v2\/media?parent=441175"}],"wp:term":[{"taxonomy":"category","embeddable":true,"href":"https:\/\/www.europesays.com\/fr\/wp-json\/wp\/v2\/categories?post=441175"},{"taxonomy":"post_tag","embeddable":true,"href":"https:\/\/www.europesays.com\/fr\/wp-json\/wp\/v2\/tags?post=441175"}],"curies":[{"name":"wp","href":"https:\/\/api.w.org\/{rel}","templated":true}]}}