{"id":441193,"date":"2025-10-05T17:30:13","date_gmt":"2025-10-05T17:30:13","guid":{"rendered":"https:\/\/www.europesays.com\/fr\/441193\/"},"modified":"2025-10-05T17:30:13","modified_gmt":"2025-10-05T17:30:13","slug":"decouvrez-quelle-sera-la-nouvelle-charniere-du-rugby-club-toulonnais-pour-les-saisons-a-venir","status":"publish","type":"post","link":"https:\/\/www.europesays.com\/fr\/441193\/","title":{"rendered":"D\u00e9couvrez quelle sera la nouvelle charni\u00e8re du Rugby Club Toulonnais pour les saisons \u00e0 venir !"},"content":{"rendered":"<p data-start=\"64\" data-end=\"354\">Le <strong data-start=\"67\" data-end=\"92\">Rugby Club Toulonnais<\/strong> s\u2019active sur tous les fronts. Alors que la prolongation de <strong data-start=\"152\" data-end=\"170\">Baptiste Serin<\/strong> est sur le point d\u2019\u00eatre officialis\u00e9e, le club varois tient \u00e9galement son <strong data-start=\"244\" data-end=\"262\">nouvel ouvreur<\/strong> pour la saison prochaine : <strong data-start=\"290\" data-end=\"308\">Tomas Albornoz<\/strong>, international argentin \u00e9voluant \u00e0 Tr\u00e9vise.<\/p>\n<p data-start=\"356\" data-end=\"749\">Apr\u00e8s plusieurs semaines de discussions, <strong data-start=\"397\" data-end=\"415\">Baptiste Serin<\/strong> et le pr\u00e9sident <strong data-start=\"432\" data-end=\"452\">Bernard Lema\u00eetre<\/strong> devraient sceller, ce lundi, un <strong data-start=\"485\" data-end=\"517\">nouveau contrat de trois ans<\/strong>.<\/p>\n<p data-start=\"356\" data-end=\"749\">Le dossier a longtemps but\u00e9 sur la dur\u00e9e d\u2019engagement : le RCT proposait deux saisons suppl\u00e9mentaires, tandis que le demi de m\u00eal\u00e9e de 31 ans r\u00e9clamait trois ans. D\u00e9termin\u00e9 \u00e0 s\u00e9curiser la fin de sa carri\u00e8re, Serin n\u2019a rien l\u00e2ch\u00e9.<\/p>\n<p data-start=\"751\" data-end=\"1149\">Le joueur a m\u00eame pr\u00eat\u00e9 une oreille attentive aux propositions ext\u00e9rieures. <strong data-start=\"826\" data-end=\"841\">Montpellier<\/strong> \u00e9tait pr\u00eat \u00e0 r\u00e9pondre favorablement \u00e0 ses attentes, tout comme la <strong data-start=\"908\" data-end=\"922\">Ligue R360<\/strong>, ce projet priv\u00e9 cherchant \u00e0 attirer plusieurs internationaux fran\u00e7ais. Une pression qui a pouss\u00e9 le RCT \u00e0 r\u00e9agir : <strong data-start=\"1039\" data-end=\"1059\">Bernard Lema\u00eetre<\/strong> et <strong data-start=\"1063\" data-end=\"1081\">Pierre Mignoni<\/strong> ont fini par s\u2019aligner sur les exigences du capitaine toulonnais.<\/p>\n<p data-start=\"1151\" data-end=\"1504\">Dans le m\u00eame temps, le club rouge et noir avance sur son <strong data-start=\"1208\" data-end=\"1228\">recrutement 2025<\/strong>. Toulon a d\u00fb faire une croix sur <strong data-start=\"1262\" data-end=\"1284\">Tommaso Menoncello<\/strong>, le centre italien ayant choisi de rejoindre <strong data-start=\"1330\" data-end=\"1353\">le Stade Toulousain<\/strong> pour trois saisons.<\/p>\n<p data-start=\"1151\" data-end=\"1504\">Mais le RCT a rapidement rebondi en convainquant son co\u00e9quipier \u00e0 Tr\u00e9vise, <strong data-start=\"1449\" data-end=\"1467\">Tomas Albornoz<\/strong>, de poser ses valises sur la Rade.<\/p>\n<p data-start=\"1506\" data-end=\"1913\">Selon les informations de <a href=\"https:\/\/www.rugbyrama.fr\/2025\/10\/05\/transferts-top-14-toulon-a-trouve-sa-charniere-pour-la-saison-prochaine-12973204.php\" rel=\"nofollow noopener\" target=\"_blank\">Midi Olympique<\/a>, l\u2019ouvreur Argentin s\u2019est engag\u00e9 pour <strong data-start=\"1567\" data-end=\"1580\">trois ans<\/strong> avec le club Varois, soit jusqu\u2019au mois de juin 2029. Il viendra compenser le d\u00e9part d\u2019<strong data-start=\"1635\" data-end=\"1649\">Enzo Herv\u00e9<\/strong> et renforcer une charni\u00e8re d\u00e9sormais bien fournie.<\/p>\n<p data-start=\"1506\" data-end=\"1913\">La saison prochaine, Toulon comptera ainsi <strong data-start=\"1744\" data-end=\"1772\">trois ouvreurs de m\u00e9tier<\/strong> : Albornoz, promis \u00e0 un r\u00f4le de titulaire, l\u2019Italien <strong data-start=\"1826\" data-end=\"1843\">Paolo Garbisi<\/strong>, et le jeune <strong data-start=\"1857\" data-end=\"1873\">Mateo Garcia<\/strong>, arriv\u00e9 r\u00e9cemment de Bordeaux-B\u00e8gles.<\/p>\n<p data-start=\"1915\" data-end=\"2052\" data-is-last-node=\"\" data-is-only-node=\"\">En verrouillant Serin et en attirant Albornoz, le RCT envoie un signal fort : <strong data-start=\"1993\" data-end=\"2051\">la reconstruction passe par la stabilit\u00e9 et l\u2019ambition<\/strong>.<\/p>\n","protected":false},"excerpt":{"rendered":"Le Rugby Club Toulonnais s\u2019active sur tous les fronts. Alors que la prolongation de Baptiste Serin est sur&hellip;\n","protected":false},"author":2,"featured_media":240818,"comment_status":"","ping_status":"","sticky":false,"template":"","format":"standard","meta":{"footnotes":""},"categories":[9619],"tags":[1111,11,1777,674,1011,27,12,882,25,2310],"class_list":{"0":"post-441193","1":"post","2":"type-post","3":"status-publish","4":"format-standard","5":"has-post-thumbnail","7":"category-toulon","8":"tag-actu","9":"tag-actualites","10":"tag-eu","11":"tag-europe","12":"tag-fr","13":"tag-france","14":"tag-news","15":"tag-provence-alpes-cote-dazur","16":"tag-republique-francaise","17":"tag-toulon"},"share_on_mastodon":{"url":"https:\/\/pubeurope.com\/@fr\/115322750490523064","error":""},"_links":{"self":[{"href":"https:\/\/www.europesays.com\/fr\/wp-json\/wp\/v2\/posts\/441193","targetHints":{"allow":["GET"]}}],"collection":[{"href":"https:\/\/www.europesays.com\/fr\/wp-json\/wp\/v2\/posts"}],"about":[{"href":"https:\/\/www.europesays.com\/fr\/wp-json\/wp\/v2\/types\/post"}],"author":[{"embeddable":true,"href":"https:\/\/www.europesays.com\/fr\/wp-json\/wp\/v2\/users\/2"}],"replies":[{"embeddable":true,"href":"https:\/\/www.europesays.com\/fr\/wp-json\/wp\/v2\/comments?post=441193"}],"version-history":[{"count":0,"href":"https:\/\/www.europesays.com\/fr\/wp-json\/wp\/v2\/posts\/441193\/revisions"}],"wp:featuredmedia":[{"embeddable":true,"href":"https:\/\/www.europesays.com\/fr\/wp-json\/wp\/v2\/media\/240818"}],"wp:attachment":[{"href":"https:\/\/www.europesays.com\/fr\/wp-json\/wp\/v2\/media?parent=441193"}],"wp:term":[{"taxonomy":"category","embeddable":true,"href":"https:\/\/www.europesays.com\/fr\/wp-json\/wp\/v2\/categories?post=441193"},{"taxonomy":"post_tag","embeddable":true,"href":"https:\/\/www.europesays.com\/fr\/wp-json\/wp\/v2\/tags?post=441193"}],"curies":[{"name":"wp","href":"https:\/\/api.w.org\/{rel}","templated":true}]}}