{"id":441196,"date":"2025-10-05T17:32:13","date_gmt":"2025-10-05T17:32:13","guid":{"rendered":"https:\/\/www.europesays.com\/fr\/441196\/"},"modified":"2025-10-05T17:32:13","modified_gmt":"2025-10-05T17:32:13","slug":"ball-nationale-2-masculine-prisse-gagne-sur-le-fil-a-montpellier","status":"publish","type":"post","link":"https:\/\/www.europesays.com\/fr\/441196\/","title":{"rendered":"ball &#8211; Nationale 2 masculine. Priss\u00e9 gagne sur le fil \u00e0 Montpellier"},"content":{"rendered":"<p>Montpellier &#8211; Priss\u00e9<\/p>\n<p>73 &#8211; 77<\/p>\n<p>Superbe op\u00e9ration \u00e0 l\u2019ext\u00e9rieur de Priss\u00e9\/M\u00e2con qui a renvers\u00e9 la vapeur, ce dimanche, \u00e0 Montpellier (73-77). Un v\u00e9ritable exploit apr\u00e8s avoir point\u00e9 \u00e0 -20&#8230; \u00c0 la 25e minute du match\u00a0!<\/p>\n<p>\u00ab\u00a0C\u2019est un sc\u00e9nario un peu fou\u00a0\u00bb, confirme le coach priss\u00e9en, Cl\u00e9ment Sangouard, dont l\u2019\u00e9quipe comptait 10 longueurs de retard \u00e0 la pause (36-26). \u00ab\u00a0On a fait un run de dingue \u00e0 la fin en infligeant \u00e0 Montpellier un 30-6. On a toujours \u00e9t\u00e9 dans les clous en d\u00e9fense, sauf en premi\u00e8re mi-temps sur le repli d\u00e9fensif. Le probl\u00e8me, c\u2019est qu\u2019on a \u00e9t\u00e9 en panne d\u2019adresse jusqu\u2019\u00e0 la pause. Mais heureusement, on a su remettre des tirs pr\u00e9cieux au retour des vestiaires. Et on est pass\u00e9 devant au score dans les trois derni\u00e8res minutes.\u00a0\u00bb Belle victoire de l\u2019ESPM, avec une mention sp\u00e9ciale pour Nehlig, dont la lecture du jeu a donn\u00e9 le tournis \u00e0 la d\u00e9fense de Montpellier.<\/p>\n","protected":false},"excerpt":{"rendered":"Montpellier &#8211; Priss\u00e9 73 &#8211; 77 Superbe op\u00e9ration \u00e0 l\u2019ext\u00e9rieur de Priss\u00e9\/M\u00e2con qui a renvers\u00e9 la vapeur, ce&hellip;\n","protected":false},"author":2,"featured_media":441197,"comment_status":"","ping_status":"","sticky":false,"template":"","format":"standard","meta":{"footnotes":""},"categories":[9599],"tags":[1111,11,1791,3718,1777,674,107,1701,1011,27,5981,2208,12,2680,11029,25,517],"class_list":{"0":"post-441196","1":"post","2":"type-post","3":"status-publish","4":"format-standard","5":"has-post-thumbnail","7":"category-montpellier","8":"tag-actu","9":"tag-actualites","10":"tag-basket-ball","11":"tag-edition-macon","12":"tag-eu","13":"tag-europe","14":"tag-fil-info","15":"tag-fil-info-sport","16":"tag-fr","17":"tag-france","18":"tag-macon-bassin","19":"tag-montpellier","20":"tag-news","21":"tag-occitanie","22":"tag-prisse","23":"tag-republique-francaise","24":"tag-sport"},"share_on_mastodon":{"url":"https:\/\/pubeurope.com\/@fr\/115322758480592994","error":""},"_links":{"self":[{"href":"https:\/\/www.europesays.com\/fr\/wp-json\/wp\/v2\/posts\/441196","targetHints":{"allow":["GET"]}}],"collection":[{"href":"https:\/\/www.europesays.com\/fr\/wp-json\/wp\/v2\/posts"}],"about":[{"href":"https:\/\/www.europesays.com\/fr\/wp-json\/wp\/v2\/types\/post"}],"author":[{"embeddable":true,"href":"https:\/\/www.europesays.com\/fr\/wp-json\/wp\/v2\/users\/2"}],"replies":[{"embeddable":true,"href":"https:\/\/www.europesays.com\/fr\/wp-json\/wp\/v2\/comments?post=441196"}],"version-history":[{"count":0,"href":"https:\/\/www.europesays.com\/fr\/wp-json\/wp\/v2\/posts\/441196\/revisions"}],"wp:featuredmedia":[{"embeddable":true,"href":"https:\/\/www.europesays.com\/fr\/wp-json\/wp\/v2\/media\/441197"}],"wp:attachment":[{"href":"https:\/\/www.europesays.com\/fr\/wp-json\/wp\/v2\/media?parent=441196"}],"wp:term":[{"taxonomy":"category","embeddable":true,"href":"https:\/\/www.europesays.com\/fr\/wp-json\/wp\/v2\/categories?post=441196"},{"taxonomy":"post_tag","embeddable":true,"href":"https:\/\/www.europesays.com\/fr\/wp-json\/wp\/v2\/tags?post=441196"}],"curies":[{"name":"wp","href":"https:\/\/api.w.org\/{rel}","templated":true}]}}