{"id":44120,"date":"2025-04-22T14:05:10","date_gmt":"2025-04-22T14:05:10","guid":{"rendered":"https:\/\/www.europesays.com\/fr\/44120\/"},"modified":"2025-04-22T14:05:10","modified_gmt":"2025-04-22T14:05:10","slug":"en-ile-de-france-une-audience-stable-mais-en-recomposition","status":"publish","type":"post","link":"https:\/\/www.europesays.com\/fr\/44120\/","title":{"rendered":"En \u00cele-de-France, une audience stable mais en recomposition"},"content":{"rendered":"<p>\n\t\t\t\t\t Parmi les faits marquants de cette vague, France Inter confirme sa position dominante chez les g\u00e9n\u00e9ralistes avec une part d\u2019audience de 17.1%, devant RTL (10.5%), RMC (6.8 %) et Europe 1 qui remonte sensiblement pour atteindre 6.1% contre 5.6% il y a un an. C\u00f4t\u00e9 musicales, Skyrock s\u2019impose comme la premi\u00e8re radio musicale en \u00cele-de-France sur les deux crit\u00e8res 4.6% d\u2019audience cumul\u00e9e et 3.6% de PDA, devant NRJ (3.4% AC) et Nostalgie (3.3% AC). Radio Nova poursuit sa progression, passant de 1.2% AC en 2024 \u00e0 1.8% en 2025, avec une PDA doubl\u00e9e sur la p\u00e9riode (de 0.8% \u00e0 1.3%). franceinfo se maintient nettement au-dessus des 10 points et 6.5% de PDA. Enfin, FIP enregistre une belle audience avec 2.8% d\u2019audience cumul\u00e9e et une part d\u2019audience de 4.2%, en hausse par rapport \u00e0 l\u2019an dernier&#8230;\n\t\t\t\t <\/p>\n","protected":false},"excerpt":{"rendered":"Parmi les faits marquants de cette vague, France Inter confirme sa position dominante chez les g\u00e9n\u00e9ralistes avec une&hellip;\n","protected":false},"author":2,"featured_media":44121,"comment_status":"","ping_status":"","sticky":false,"template":"","format":"standard","meta":{"footnotes":""},"categories":[1592],"tags":[1111,11,6186,10158,13195,1777,674,1011,27,662,10159,12,626,25],"class_list":{"0":"post-44120","1":"post","2":"type-post","3":"status-publish","4":"format-standard","5":"has-post-thumbnail","7":"category-ile-de-france","8":"tag-actu","9":"tag-actualites","10":"tag-audience","11":"tag-ear","12":"tag-ear-ile-de-france","13":"tag-eu","14":"tag-europe","15":"tag-fr","16":"tag-france","17":"tag-ile-de-france","18":"tag-mediametrie","19":"tag-news","20":"tag-paris","21":"tag-republique-francaise"},"share_on_mastodon":{"url":"","error":""},"_links":{"self":[{"href":"https:\/\/www.europesays.com\/fr\/wp-json\/wp\/v2\/posts\/44120","targetHints":{"allow":["GET"]}}],"collection":[{"href":"https:\/\/www.europesays.com\/fr\/wp-json\/wp\/v2\/posts"}],"about":[{"href":"https:\/\/www.europesays.com\/fr\/wp-json\/wp\/v2\/types\/post"}],"author":[{"embeddable":true,"href":"https:\/\/www.europesays.com\/fr\/wp-json\/wp\/v2\/users\/2"}],"replies":[{"embeddable":true,"href":"https:\/\/www.europesays.com\/fr\/wp-json\/wp\/v2\/comments?post=44120"}],"version-history":[{"count":0,"href":"https:\/\/www.europesays.com\/fr\/wp-json\/wp\/v2\/posts\/44120\/revisions"}],"wp:featuredmedia":[{"embeddable":true,"href":"https:\/\/www.europesays.com\/fr\/wp-json\/wp\/v2\/media\/44121"}],"wp:attachment":[{"href":"https:\/\/www.europesays.com\/fr\/wp-json\/wp\/v2\/media?parent=44120"}],"wp:term":[{"taxonomy":"category","embeddable":true,"href":"https:\/\/www.europesays.com\/fr\/wp-json\/wp\/v2\/categories?post=44120"},{"taxonomy":"post_tag","embeddable":true,"href":"https:\/\/www.europesays.com\/fr\/wp-json\/wp\/v2\/tags?post=44120"}],"curies":[{"name":"wp","href":"https:\/\/api.w.org\/{rel}","templated":true}]}}