{"id":441204,"date":"2025-10-05T17:37:18","date_gmt":"2025-10-05T17:37:18","guid":{"rendered":"https:\/\/www.europesays.com\/fr\/441204\/"},"modified":"2025-10-05T17:37:18","modified_gmt":"2025-10-05T17:37:18","slug":"grenoble-thibaut-del-corral-entre-magie-mentalisme-et-hypnose-le-11-octobre","status":"publish","type":"post","link":"https:\/\/www.europesays.com\/fr\/441204\/","title":{"rendered":"Grenoble. Thibaut Del Corral, entre magie, mentalisme et hypnose le 11\u00a0octobre"},"content":{"rendered":"<p>Dans son nouveau seul en sc\u00e8ne, Thibaut Del Corral repousse une nouvelle fois les limites de votre imagination. Dans cette ambiance myst\u00e9rieuse, il cr\u00e9e autour de lui un univers magique, o\u00f9 s\u2019expriment les performances mentales les plus bluffantes et des exp\u00e9riences 100\u00a0% interactives. Ici, le pouvoir change de main, c\u2019est le public qui s\u2019en empare, se d\u00e9couvrant des capacit\u00e9s insoup\u00e7onn\u00e9es et des dons qui conf\u00e8rent au miracle\u2026 Entre magie, mentalisme et hypnose.<\/p>\n<p class=\"note\">Samedi 11\u00a0octobre \u00e0 17 heures \u00e0 La Com\u00e9die de Grenoble. 18,50\/20\u00a0\u20ac.<\/p>\n","protected":false},"excerpt":{"rendered":"Dans son nouveau seul en sc\u00e8ne, Thibaut Del Corral repousse une nouvelle fois les limites de votre imagination.&hellip;\n","protected":false},"author":2,"featured_media":441205,"comment_status":"","ping_status":"","sticky":false,"template":"","format":"standard","meta":{"footnotes":""},"categories":[9566],"tags":[1111,11,2430,1687,112,1777,674,1011,27,2731,2732,108,12,25,3140],"class_list":{"0":"post-441204","1":"post","2":"type-post","3":"status-publish","4":"format-standard","5":"has-post-thumbnail","7":"category-grenoble","8":"tag-actu","9":"tag-actualites","10":"tag-auvergne-rhone-alpes","11":"tag-culture-loisirs","12":"tag-edition-grenoble-agglomeration","13":"tag-eu","14":"tag-europe","15":"tag-fr","16":"tag-france","17":"tag-grenoble","18":"tag-grenoble-bassin","19":"tag-isere","20":"tag-news","21":"tag-republique-francaise","22":"tag-spectacle"},"share_on_mastodon":{"url":"https:\/\/pubeurope.com\/@fr\/115322778322604646","error":""},"_links":{"self":[{"href":"https:\/\/www.europesays.com\/fr\/wp-json\/wp\/v2\/posts\/441204","targetHints":{"allow":["GET"]}}],"collection":[{"href":"https:\/\/www.europesays.com\/fr\/wp-json\/wp\/v2\/posts"}],"about":[{"href":"https:\/\/www.europesays.com\/fr\/wp-json\/wp\/v2\/types\/post"}],"author":[{"embeddable":true,"href":"https:\/\/www.europesays.com\/fr\/wp-json\/wp\/v2\/users\/2"}],"replies":[{"embeddable":true,"href":"https:\/\/www.europesays.com\/fr\/wp-json\/wp\/v2\/comments?post=441204"}],"version-history":[{"count":0,"href":"https:\/\/www.europesays.com\/fr\/wp-json\/wp\/v2\/posts\/441204\/revisions"}],"wp:featuredmedia":[{"embeddable":true,"href":"https:\/\/www.europesays.com\/fr\/wp-json\/wp\/v2\/media\/441205"}],"wp:attachment":[{"href":"https:\/\/www.europesays.com\/fr\/wp-json\/wp\/v2\/media?parent=441204"}],"wp:term":[{"taxonomy":"category","embeddable":true,"href":"https:\/\/www.europesays.com\/fr\/wp-json\/wp\/v2\/categories?post=441204"},{"taxonomy":"post_tag","embeddable":true,"href":"https:\/\/www.europesays.com\/fr\/wp-json\/wp\/v2\/tags?post=441204"}],"curies":[{"name":"wp","href":"https:\/\/api.w.org\/{rel}","templated":true}]}}