{"id":441206,"date":"2025-10-05T17:38:20","date_gmt":"2025-10-05T17:38:20","guid":{"rendered":"https:\/\/www.europesays.com\/fr\/441206\/"},"modified":"2025-10-05T17:38:20","modified_gmt":"2025-10-05T17:38:20","slug":"3-000-stands-et-des-dizaines-de-milliers-de-visiteurs-la-braderie-de-cesson-a-lieu-ce-dimanche","status":"publish","type":"post","link":"https:\/\/www.europesays.com\/fr\/441206\/","title":{"rendered":"3\u00a0000\u00a0stands et des dizaines de milliers de visiteurs\u00a0: la braderie de Cesson a lieu ce dimanche"},"content":{"rendered":"<p>Entretien avec Jacques Roignant, le nouveau pr\u00e9sident du comit\u00e9 des f\u00eates qui organise   <a href=\"https:\/\/rennes.maville.com\/actu\/actudet_-avec-3-000-stands-elle-revendique-le-titre-de-plus-grande-braderie-d-ille-et-vilaine-pres-de-rennes-_7-6487772_actu.Htm\" rel=\"nofollow noopener\" target=\"_blank\">la braderie de Cesson-S\u00e9vign\u00e9, ce dimanche 5\u00a0<\/a>   <a href=\"https:\/\/rennes.maville.com\/actu\/actudet_-avec-3-000-stands-elle-revendique-le-titre-de-plus-grande-braderie-d-ille-et-vilaine-pres-de-rennes-_7-6487772_actu.Htm\" rel=\"nofollow noopener\" target=\"_blank\">octobre 2025.<\/a> <\/p>\n<p>\t<img decoding=\"async\" src=\"https:\/\/www.europesays.com\/fr\/wp-content\/uploads\/2025\/10\/P35503017D7003636G_px_640_.jpg\" alt=\"photo jacques roignant, le nouveau pr\u00e9sident du comit\u00e9 des f\u00eates qui organise la braderie de cesson-s\u00e9vign\u00e9.  \u00a9  ouest-france\" width=\"640\" title=\" Jacques Roignant, le nouveau pr\u00e9sident du comit\u00e9 des f\u00eates qui organise la braderie de Cesson-S\u00e9vign\u00e9.   Ouest-France \"\/><\/p>\n<p class=\"elmt-legende\"> Jacques Roignant, le nouveau pr\u00e9sident du comit\u00e9 des f\u00eates qui organise la braderie de Cesson-S\u00e9vign\u00e9.   Ouest-France <\/p>\n<p>Tout d\u2019abord, en tant que nouveau pr\u00e9sident, pouvez-vous vous &#8230;<\/p>\n<p>\u00a0<\/p>\n","protected":false},"excerpt":{"rendered":"Entretien avec Jacques Roignant, le nouveau pr\u00e9sident du comit\u00e9 des f\u00eates qui organise la braderie de Cesson-S\u00e9vign\u00e9, ce&hellip;\n","protected":false},"author":2,"featured_media":441207,"comment_status":"","ping_status":"","sticky":false,"template":"","format":"standard","meta":{"footnotes":""},"categories":[2821],"tags":[6541,19020,1111,11,17804,829,15329,6664,4656,1777,674,1011,27,7018,16755,12,3086,584,25,21924,11046],"class_list":{"0":"post-441206","1":"post","2":"type-post","3":"status-publish","4":"format-standard","5":"has-post-thumbnail","7":"category-rennes","8":"tag-6541","9":"tag-19020","10":"tag-actu","11":"tag-actualites","12":"tag-braderie","13":"tag-bretagne","14":"tag-cesson","15":"tag-dimanche","16":"tag-dizaines","17":"tag-eu","18":"tag-europe","19":"tag-fr","20":"tag-france","21":"tag-lieu","22":"tag-milliers","23":"tag-news","24":"tag-redon","25":"tag-rennes","26":"tag-republique-francaise","27":"tag-stands","28":"tag-visiteurs"},"share_on_mastodon":{"url":"https:\/\/pubeurope.com\/@fr\/115322782460594376","error":""},"_links":{"self":[{"href":"https:\/\/www.europesays.com\/fr\/wp-json\/wp\/v2\/posts\/441206","targetHints":{"allow":["GET"]}}],"collection":[{"href":"https:\/\/www.europesays.com\/fr\/wp-json\/wp\/v2\/posts"}],"about":[{"href":"https:\/\/www.europesays.com\/fr\/wp-json\/wp\/v2\/types\/post"}],"author":[{"embeddable":true,"href":"https:\/\/www.europesays.com\/fr\/wp-json\/wp\/v2\/users\/2"}],"replies":[{"embeddable":true,"href":"https:\/\/www.europesays.com\/fr\/wp-json\/wp\/v2\/comments?post=441206"}],"version-history":[{"count":0,"href":"https:\/\/www.europesays.com\/fr\/wp-json\/wp\/v2\/posts\/441206\/revisions"}],"wp:featuredmedia":[{"embeddable":true,"href":"https:\/\/www.europesays.com\/fr\/wp-json\/wp\/v2\/media\/441207"}],"wp:attachment":[{"href":"https:\/\/www.europesays.com\/fr\/wp-json\/wp\/v2\/media?parent=441206"}],"wp:term":[{"taxonomy":"category","embeddable":true,"href":"https:\/\/www.europesays.com\/fr\/wp-json\/wp\/v2\/categories?post=441206"},{"taxonomy":"post_tag","embeddable":true,"href":"https:\/\/www.europesays.com\/fr\/wp-json\/wp\/v2\/tags?post=441206"}],"curies":[{"name":"wp","href":"https:\/\/api.w.org\/{rel}","templated":true}]}}