{"id":441208,"date":"2025-10-05T17:39:11","date_gmt":"2025-10-05T17:39:11","guid":{"rendered":"https:\/\/www.europesays.com\/fr\/441208\/"},"modified":"2025-10-05T17:39:11","modified_gmt":"2025-10-05T17:39:11","slug":"strasbourg-dechaine-contre-angers-rennes-et-monaco-lachent-deux-points","status":"publish","type":"post","link":"https:\/\/www.europesays.com\/fr\/441208\/","title":{"rendered":"Strasbourg d\u00e9cha\u00een\u00e9 contre Angers, Rennes et Monaco l\u00e2chent deux points"},"content":{"rendered":"<p>Strasbourg est en grande forme. Les Alsaciens ont d\u00e9roul\u00e9 face \u00e0 Angers (5-0), port\u00e9s notamment par des doubl\u00e9s de Joaqu\u00edn Panichelli et Martial Godo. Ce large succ\u00e8s leur permet de rester dans le peloton de t\u00eate, avec 15 points, \u00e0 la 3e place gr\u00e2ce \u00e0 leur diff\u00e9rence de buts. <\/p>\n<p>Dans le m\u00eame temps, Monaco a \u00e9t\u00e9 accroch\u00e9 par Nice (2-2), qui a pourtant jou\u00e9 \u00e0 10 contre 11 pendant plus d&rsquo;une heure, tout comme Rennes au Havre (2-2).<\/p>\n<p class=\"note\">Plus d&rsquo;informations \u00e0 suivre&#8230;<\/p>\n","protected":false},"excerpt":{"rendered":"Strasbourg est en grande forme. Les Alsaciens ont d\u00e9roul\u00e9 face \u00e0 Angers (5-0), port\u00e9s notamment par des doubl\u00e9s&hellip;\n","protected":false},"author":2,"featured_media":441209,"comment_status":"","ping_status":"","sticky":false,"template":"","format":"standard","meta":{"footnotes":""},"categories":[2821],"tags":[1111,11,829,1777,674,107,63,1011,27,12,584,25,517,1947],"class_list":{"0":"post-441208","1":"post","2":"type-post","3":"status-publish","4":"format-standard","5":"has-post-thumbnail","7":"category-rennes","8":"tag-actu","9":"tag-actualites","10":"tag-bretagne","11":"tag-eu","12":"tag-europe","13":"tag-fil-info","14":"tag-football","15":"tag-fr","16":"tag-france","17":"tag-news","18":"tag-rennes","19":"tag-republique-francaise","20":"tag-sport","21":"tag-sport-national"},"share_on_mastodon":{"url":"https:\/\/pubeurope.com\/@fr\/115322785821079912","error":""},"_links":{"self":[{"href":"https:\/\/www.europesays.com\/fr\/wp-json\/wp\/v2\/posts\/441208","targetHints":{"allow":["GET"]}}],"collection":[{"href":"https:\/\/www.europesays.com\/fr\/wp-json\/wp\/v2\/posts"}],"about":[{"href":"https:\/\/www.europesays.com\/fr\/wp-json\/wp\/v2\/types\/post"}],"author":[{"embeddable":true,"href":"https:\/\/www.europesays.com\/fr\/wp-json\/wp\/v2\/users\/2"}],"replies":[{"embeddable":true,"href":"https:\/\/www.europesays.com\/fr\/wp-json\/wp\/v2\/comments?post=441208"}],"version-history":[{"count":0,"href":"https:\/\/www.europesays.com\/fr\/wp-json\/wp\/v2\/posts\/441208\/revisions"}],"wp:featuredmedia":[{"embeddable":true,"href":"https:\/\/www.europesays.com\/fr\/wp-json\/wp\/v2\/media\/441209"}],"wp:attachment":[{"href":"https:\/\/www.europesays.com\/fr\/wp-json\/wp\/v2\/media?parent=441208"}],"wp:term":[{"taxonomy":"category","embeddable":true,"href":"https:\/\/www.europesays.com\/fr\/wp-json\/wp\/v2\/categories?post=441208"},{"taxonomy":"post_tag","embeddable":true,"href":"https:\/\/www.europesays.com\/fr\/wp-json\/wp\/v2\/tags?post=441208"}],"curies":[{"name":"wp","href":"https:\/\/api.w.org\/{rel}","templated":true}]}}