{"id":441211,"date":"2025-10-05T17:42:16","date_gmt":"2025-10-05T17:42:16","guid":{"rendered":"https:\/\/www.europesays.com\/fr\/441211\/"},"modified":"2025-10-05T17:42:16","modified_gmt":"2025-10-05T17:42:16","slug":"nous-avons-remis-sur-pied-un-parti-lr-lache-par-celui-qui-a-embrasse-lextreme-droite","status":"publish","type":"post","link":"https:\/\/www.europesays.com\/fr\/441211\/","title":{"rendered":"nous avons remis sur pied un parti, LR, l\u00e2ch\u00e9 par celui qui a embrass\u00e9 l&rsquo;extr\u00eame droite"},"content":{"rendered":"<p><strong>PARTIE 2\/2. Alors que la campagne des \u00e9lections municipales vient de d\u00e9marrer, Pierre-Paul L\u00e9onelli<\/strong>, <strong>le patron de la majorit\u00e9 estrosiste et bras droit de Christian Estrosi, r\u00e9pond \u00e0\u00a0tous les sujets politiques du moment.\u00a0<\/strong><\/p>\n<p>Les d\u00e9bats de la M\u00e9tropole ont \u00e9t\u00e9 agit\u00e9s ces derniers mois, avec de plus en plus de tensions entre l\u2019ex\u00e9cutif et les maires vall\u00e9ens, puis certains du littoral. Faudra-t-il changer de braquet et gouverner autrement, lors d\u2019un prochain mandat\u00a0?<\/p>\n<p>Je ne r\u00e9pondrai pas \u00e0\u00a0votre question parce que je ne sais pas ce qui va se passer. Je ne vois pas de probl\u00e8me \u00e0\u00a0r\u00e9gler dans la M\u00e9tropole. Il y\u00a0a pu avoir des tensions, comme partout, mais cela s\u2019est clarifi\u00e9\u00a0: le pr\u00e9sident, Christian Estrosi, a\u00a0d\u00e9missionn\u00e9 et a\u00a0\u00e9t\u00e9 tr\u00e8s largement r\u00e9\u00e9lu. Les choses ont \u00e9t\u00e9 dites. Maintenant, \u00e9vitons de faire entrer la politique dans la M\u00e9tropole. Certains ont tent\u00e9 de le faire, ce n\u2019est pas notre souhait.<\/p>\n<p>Une charte a\u00a0\u00e9t\u00e9 distribu\u00e9e, par laquelle les \u00e9lus doivent s\u2019engager \u00e0\u00a0ne pas s\u2019entendre avec l\u2019extr\u00eame droite. Comment cela pourrait-il tenir si en mars 2026, une ou plusieurs grandes communes sont gagn\u00e9es par le\u00a0RN\u00a0?<\/p>\n<p>La politique fiction, ce n\u2019est pas ma tasse de th\u00e9. Donc je ne vous r\u00e9pondrai rien d\u2019autre que ceci\u00a0: jusqu\u2019en mars prochain, mon travail, c\u2019est de consid\u00e9rer chaque \u00e9lu et chaque commune avec \u00e9quit\u00e9. Je l\u2019ai toujours fait et cela ne bougera pas. Encore faudrait-il, d\u2019ailleurs, qu\u2019il y\u00a0ait des \u00e9lections en mars. \u00c7a aussi, nous le verrons, ou non, avec l\u2019instabilit\u00e9 gouvernementale.<\/p>\n<blockquote class=\"twitter-tweet\">\n<p lang=\"fr\" dir=\"ltr\">\u00ab\u00a0Le RN\u00a0? Sur la s\u00e9curit\u00e9, des id\u00e9es inapplicables. Sur l\u2019\u00e9conomie, l\u2019irresponsabilit\u00e9. Je ne crois pas aux alliances avec eux\u00a0! \u00bb<\/p>\n<p>\u27a1\ufe0f <a href=\"https:\/\/t.co\/MsYplcicT7\" data-wpel-link=\"external\" target=\"_blank\" rel=\"external noopener noreferrer nofollow\" class=\"wpel-icon-right\">https:\/\/t.co\/MsYplcicT7<\/a> <a href=\"https:\/\/t.co\/3F4YJ3XMzk\" data-wpel-link=\"external\" target=\"_blank\" rel=\"external noopener noreferrer nofollow\" class=\"wpel-icon-right\">pic.twitter.com\/3F4YJ3XMzk<\/a><\/p>\n<p>\u2014 Nice-Presse \u00b7 Top infos (@NicePresse) <a href=\"https:\/\/twitter.com\/NicePresse\/status\/1911422118362829254?ref_src=twsrc%5Etfw\" target=\"_blank\" rel=\"noopener external noreferrer nofollow\" data-wpel-link=\"external\" class=\"wpel-icon-right\">April 13,\u00a02025<\/a><\/p><\/blockquote>\n<p>Vous \u00eates mobilis\u00e9 pour relancer Les R\u00e9publicains notamment \u00e0\u00a0Nice et dans l\u2019Est maralpin. Avec quelle dynamique\u00a0?<\/p>\n<p>LR est un parti qui a\u00a0\u00e9t\u00e9 abandonn\u00e9 en rase campagne, dans un moment particuli\u00e8rement difficile, par un pr\u00e9sident (Eric Ciotti, NDLR) qui a\u00a0fait le choix de l\u2019extr\u00eame droite. Alors qu\u2019il \u00e9tait seul sur son balcon, nous nous sommes <a href=\"https:\/\/nicepresse.com\/les-republicains-sont-de-retour-face-a-tous-les-extremes-pierre-paul-leonelli-a-nice-presse\/\" data-wpel-link=\"internal\" target=\"_blank\" rel=\"noopener noreferrer nofollow\">occup\u00e9s \u00e0\u00a0nous remonter les manches<\/a> pour susciter une dynamique, oui, pour clarifier les choses.\u00a0<\/p>\n<p>Aujourd\u2019hui, avec <a href=\"https:\/\/nicepresse.com\/dominique-estrosi-sassone-a-nice-presse-lextreme-droite-reste-dangereuse-et-irresponsable\/\" data-wpel-link=\"internal\" target=\"_blank\" rel=\"noopener noreferrer nofollow\">Dominique Estrosi-Sassone<\/a>, avec <a href=\"https:\/\/nicepresse.com\/dans-nice-presse-dimanche-lopposant-franck-martin-etrille-la-gestion-du-departement-06-et-reclame-une-clarification-chez-les-republicains\/\" data-wpel-link=\"internal\" target=\"_blank\" rel=\"noopener noreferrer nofollow\">Franck Martin<\/a>, avec <a href=\"https:\/\/nicepresse.com\/ville-etudiante-logements-formations-quelles-sont-les-forces-et-faiblesses-de-nice\/\" data-wpel-link=\"internal\" target=\"_blank\" rel=\"noopener noreferrer nofollow\">Xavier Latour<\/a>, on a\u00a0rouvert une permanence en ville. Avec 7000 cartes, dont 2000 \u00e0\u00a0Nice, nous avons la deuxi\u00e8me f\u00e9d\u00e9ration du pays. \u00c7a, c\u2019est LR, mais avec les \u00ab\u00a0Amis du Maire\u00a0\u00bb, nous avons la premi\u00e8re formation du d\u00e9partement. Eric Ciotti, arrive-t-il \u00e0\u00a0r\u00e9unir 6000 personnes autour d\u2019un banquet, comme nous l\u2019avons fait \u00e0\u00a0la fin de l\u2019\u00e9t\u00e9 avec Christian Estrosi\u00a0? Non, il n\u2019y arrive pas. Alors qu\u2019il ne joue pas les gros bras avec son\u00a0UDR.<\/p>\n<p>Au niveau du d\u00e9partement, le bazar persiste. Les LR de l\u2019Ouest n\u2019ont pas tourn\u00e9 le dos \u00e0\u00a0Eric Ciotti, certains des plus importants sont m\u00eame ses alli\u00e9s, au D\u00e9partement.<\/p>\n<p>Oui, je lis notamment des propos de la s\u00e9natrice Alexandra Borchio-Fontimp, c\u2019est \u00ab\u00a0la clart\u00e9 dans la confusion\u00bb\u2026 (sourire). Est-ce qu\u2019il y\u00a0a un probl\u00e8me\u00a0? Oui. Mais au niveau national, les positions de notre pr\u00e9sident Bruno Retailleau ne sont pas toujours les m\u00eames, non plus, que celles du groupe des d\u00e9put\u00e9s LR men\u00e9s par Laurent Wauquiez. Alors je me doute que Paris ne r\u00e8glera pas tout ceci. Mich\u00e8le Tabarot a\u00a0bien transmis une question, nous verrons.<\/p>\n<p>Pourquoi certains des \u00e9lus LR ne sont pas clairs\u00a0? Parce qu\u2019ils courent tous apr\u00e8s les subventions du Conseil d\u00e9partemental. Il y\u00a0a des communes qui ne peuvent pas se permettre de s\u2019en passer. C\u2019est un chantage odieux. D\u2019autres ont obtenu de ne pas avoir de vrai candidat RN en face d\u2019eux lors des prochaines \u00e9lections. Charles Ange Gin\u00e9sy devrait avoir le courage de trancher.\u00a0<\/p>\n<p>Vous me parlez de l\u2019Ouest\u00a0: moi je vous dis qu\u2019\u00e0 Nice et \u00e0\u00a0Menton, on est en ordre de marche. <a href=\"https:\/\/nicepresse.com\/municipales-2026-a-menton-le-patron-de-la-region-pousse-la-droite-a-sa-remuer-face-a-leventuelle-candidate-du-rn-deja-deputee-et-donnee-favorite\/\" data-wpel-link=\"internal\" target=\"_blank\" rel=\"noopener noreferrer nofollow\">Renaud Muselier l\u2019a dit<\/a>\u00a0: c\u2019est en \u00e9cartant les divisions que nous gagnerons. Mais l\u2019union des droites, \u00e7a n\u2019existe pas. Ce serait l\u2019alliance avec l\u2019extr\u00eame droite, qui est en fait, \u00e9conomiquement, un parti de gauche.<\/p>\n<p><a href=\"https:\/\/www.nicecotedazur.org\/actualites\/ensemble-face-aux-risques-majeurs\/\" data-wpel-link=\"external\" target=\"_blank\" rel=\"external noopener noreferrer nofollow\"><img loading=\"lazy\" decoding=\"async\" width=\"300\" height=\"300\" src=\"data:image\/svg+xml,%3Csvg%20xmlns=\" http:=\"\" alt=\"\" class=\"wp-image-252503\" data-lazy-src=\"https:\/\/www.europesays.com\/fr\/wp-content\/uploads\/2025\/10\/decli-web_risques-majeurs2025_nicepresse_300-x-300.jpg\"\/><\/a><\/p>\n<blockquote class=\"twitter-tweet\">\n<p lang=\"fr\" dir=\"ltr\">ALPES-MARITIMES\u00a0: DES \u00c9LUS LR TOUJOURS PROCHES D\u2019ERIC CIOTTI\u00a0?<br \/>\u27a1\ufe0f <a href=\"https:\/\/t.co\/8vfUEpwqAc\" data-wpel-link=\"external\" target=\"_blank\" rel=\"external noopener noreferrer nofollow\" class=\"wpel-icon-right\">https:\/\/t.co\/8vfUEpwqAc<\/a> <a href=\"https:\/\/t.co\/w6h3pxE6X1\" data-wpel-link=\"external\" target=\"_blank\" rel=\"external noopener noreferrer nofollow\" class=\"wpel-icon-right\">pic.twitter.com\/w6h3pxE6X1<\/a><\/p>\n<p>\u2014 Nice-Presse \u00b7 Top infos (@NicePresse) <a href=\"https:\/\/twitter.com\/NicePresse\/status\/1972372819066654988?ref_src=twsrc%5Etfw\" target=\"_blank\" rel=\"noopener external noreferrer nofollow\" data-wpel-link=\"external\" class=\"wpel-icon-right\">September 28,\u00a02025<\/a><\/p><\/blockquote>\n<p>Les R\u00e9publicains vont-ils investir Christian Estrosi pour les municipales\u00a0?<\/p>\n<p>Il n\u2019a pas demand\u00e9 l\u2019investiture, mais j\u2019ose esp\u00e9rer qu\u2019il l\u2019aura. \u00c0\u00a0Paris (lors d\u2019une l\u00e9gislative partielle, NDLR) Michel Barnier a\u00a0gagn\u00e9 avec le socle commun, c\u2019est-\u00e0-dire LR, Horizons, etc.<\/p>\n<p>Esp\u00e9rez-vous pr\u00e9sider la majorit\u00e9 municipale lors d\u2019un prochain mandat\u00a0?<\/p>\n<p>Je n\u2019esp\u00e8re rien du tout. Je n\u2019ai pas eu cette discussion avec Christian Estrosi. Nous verrons.<\/p>\n<p>Souhaitez-vous toujours \u00eatre candidat aux prochaines \u00e9lections s\u00e9natoriales\u00a0?<\/p>\n<p>Ce mandat m\u2019a toujours attir\u00e9. Mais quand je vois le m\u00e9li-m\u00e9lo que la situation devient\u2026 J\u2019y r\u00e9fl\u00e9chirai le moment venu, m\u00eame si tout semble confus, notamment avec les listes qui sont \u00e9voqu\u00e9es dans les Alpes-Maritimes. Par exemple, Charles Ange Gin\u00e9sy, de qui sera-t-il le candidat ?! Des LR, ou de l\u2019UDR\u00a0? Pour l\u2019instant, je suis concentr\u00e9 sur d\u2019autres sujets.<\/p>\n<p>\t<script async src=\"https:\/\/platform.twitter.com\/widgets.js\" charset=\"utf-8\"><\/script><\/p>\n","protected":false},"excerpt":{"rendered":"PARTIE 2\/2. Alors que la campagne des \u00e9lections municipales vient de d\u00e9marrer, Pierre-Paul L\u00e9onelli, le patron de la&hellip;\n","protected":false},"author":2,"featured_media":441212,"comment_status":"","ping_status":"","sticky":false,"template":"","format":"standard","meta":{"footnotes":""},"categories":[2819],"tags":[1111,11,1777,674,1011,27,12,2401,882,25],"class_list":{"0":"post-441211","1":"post","2":"type-post","3":"status-publish","4":"format-standard","5":"has-post-thumbnail","7":"category-nice","8":"tag-actu","9":"tag-actualites","10":"tag-eu","11":"tag-europe","12":"tag-fr","13":"tag-france","14":"tag-news","15":"tag-nice","16":"tag-provence-alpes-cote-dazur","17":"tag-republique-francaise"},"share_on_mastodon":{"url":"https:\/\/pubeurope.com\/@fr\/115322797714447198","error":""},"_links":{"self":[{"href":"https:\/\/www.europesays.com\/fr\/wp-json\/wp\/v2\/posts\/441211","targetHints":{"allow":["GET"]}}],"collection":[{"href":"https:\/\/www.europesays.com\/fr\/wp-json\/wp\/v2\/posts"}],"about":[{"href":"https:\/\/www.europesays.com\/fr\/wp-json\/wp\/v2\/types\/post"}],"author":[{"embeddable":true,"href":"https:\/\/www.europesays.com\/fr\/wp-json\/wp\/v2\/users\/2"}],"replies":[{"embeddable":true,"href":"https:\/\/www.europesays.com\/fr\/wp-json\/wp\/v2\/comments?post=441211"}],"version-history":[{"count":0,"href":"https:\/\/www.europesays.com\/fr\/wp-json\/wp\/v2\/posts\/441211\/revisions"}],"wp:featuredmedia":[{"embeddable":true,"href":"https:\/\/www.europesays.com\/fr\/wp-json\/wp\/v2\/media\/441212"}],"wp:attachment":[{"href":"https:\/\/www.europesays.com\/fr\/wp-json\/wp\/v2\/media?parent=441211"}],"wp:term":[{"taxonomy":"category","embeddable":true,"href":"https:\/\/www.europesays.com\/fr\/wp-json\/wp\/v2\/categories?post=441211"},{"taxonomy":"post_tag","embeddable":true,"href":"https:\/\/www.europesays.com\/fr\/wp-json\/wp\/v2\/tags?post=441211"}],"curies":[{"name":"wp","href":"https:\/\/api.w.org\/{rel}","templated":true}]}}