{"id":441213,"date":"2025-10-05T17:43:13","date_gmt":"2025-10-05T17:43:13","guid":{"rendered":"https:\/\/www.europesays.com\/fr\/441213\/"},"modified":"2025-10-05T17:43:13","modified_gmt":"2025-10-05T17:43:13","slug":"monaco-et-nice-se-vautrent-ensemble-ligue-1-j7-monaco-nice-2-2","status":"publish","type":"post","link":"https:\/\/www.europesays.com\/fr\/441213\/","title":{"rendered":"Monaco et Nice se vautrent ensemble &#8211; Ligue 1 &#8211; J7 &#8211; Monaco-Nice (2-2)"},"content":{"rendered":"<p>\t\t\t<img decoding=\"async\" loading=\"lazy\" class=\"blason blason-grand\" src=\"https:\/\/www.europesays.com\/fr\/wp-content\/uploads\/2025\/05\/1746321787_158_grande.jpg\"\/> Monaco 2-2 Nice <img decoding=\"async\" loading=\"lazy\" class=\"blason blason-grand\" src=\"https:\/\/www.europesays.com\/fr\/wp-content\/uploads\/2025\/04\/1744595860_940_grande.jpg\"\/><\/p>\n<p>Buts : Ansu Fati (sp) (45e+5, 56e) pour l\u2019ASM \/\/ Sofiane Diop (29e, 42e SP) pour l\u2019OGC<\/p>\n<p>Exclusion : Ali Abdi (34e) c\u00f4t\u00e9 OGC Nice<\/p>\n<p>Un derby fait de montagnes russes.<\/p>\n<p>Qui de l\u2019AS Monaco ou de l\u2019OGC Nice sort le plus d\u00e9\u00e7u de ce derby ? Difficile \u00e0 dire.\u00a0\u00c0 premi\u00e8re vue, on pourrait penser que les Aiglons de Franck Haise vont avoir quelques regrets. Car c\u2019est Sofiane Diop qui avait lanc\u00e9 cette affiche en enroulant du droit son ballon pour aller chercher le petit filet de Philipp K\u00f6hn <strong>(0-1, 29e)<\/strong>. L\u2019exclusion d\u2019Ali Abdi pour un deuxi\u00e8me jaune, apr\u00e8s avoir march\u00e9 sur le pied de Mika Biereth, paraissait alors presque anecdotique au moment o\u00f9 Diop, sur penalty, donnait deux buts d\u2019avance aux Aiglons <strong>(0-2, 42e)<\/strong>. Mais voil\u00e0, \u00e0 dix contre onze, l\u2019ASM se rebiffe, et Ansu Fati r\u00e9duit le score juste avant la pause \u00e0 son tour sur penalty <strong>(1-2, 45e+5)<\/strong>\u2026 avant de remettre \u00e7a, toujours en tirant du m\u00eame c\u00f4t\u00e9, au retour des vestiaires \u00e0 la suite d\u2019une faute de Mo\u00efse Bombito sur Folarin Balogun <strong>(2-2, 56e)<\/strong>.<\/p>\n<p>R\u00e9sultat des courses : l\u2019ASM laisse Strasbourg et l\u2019OM prendre deux longueurs d\u2019avance sur elle, tandis que l\u2019OGC Nice reste englu\u00e9 dans le ventre mou.<\/p>\n<p>\t\t\t\t\t\t\t\t\t\t<a class=\"lien-connexe\" href=\"https:\/\/www.sofoot.com\/breves\/ligue-1-les-supporters-de-logc-nice-annoncent-boycotter-le-derby-face-a-las-monaco\" rel=\"nofollow noopener\" target=\"_blank\">Les supporters de Nice annoncent boycotter le derby face \u00e0 Monaco<\/a>\t\t\t\t\t<\/p>\n","protected":false},"excerpt":{"rendered":"Monaco 2-2 Nice Buts : Ansu Fati (sp) (45e+5, 56e) pour l\u2019ASM \/\/ Sofiane Diop (29e, 42e SP)&hellip;\n","protected":false},"author":2,"featured_media":441214,"comment_status":"","ping_status":"","sticky":false,"template":"","format":"standard","meta":{"footnotes":""},"categories":[2819],"tags":[1111,47,11,61,69,65,64,1777,674,63,1011,27,68,66,12,62,2401,70,882,25,67],"class_list":{"0":"post-441213","1":"post","2":"type-post","3":"status-publish","4":"format-standard","5":"has-post-thumbnail","7":"category-nice","8":"tag-actu","9":"tag-actualite","10":"tag-actualites","11":"tag-actus-football","12":"tag-bundesliga","13":"tag-championnats-europeens","14":"tag-equipe-de-france","15":"tag-eu","16":"tag-europe","17":"tag-football","18":"tag-fr","19":"tag-france","20":"tag-ligua","21":"tag-ligue-1","22":"tag-news","23":"tag-news-foot","24":"tag-nice","25":"tag-premier-league","26":"tag-provence-alpes-cote-dazur","27":"tag-republique-francaise","28":"tag-serie-a"},"share_on_mastodon":{"url":"https:\/\/pubeurope.com\/@fr\/115322802270673619","error":""},"_links":{"self":[{"href":"https:\/\/www.europesays.com\/fr\/wp-json\/wp\/v2\/posts\/441213","targetHints":{"allow":["GET"]}}],"collection":[{"href":"https:\/\/www.europesays.com\/fr\/wp-json\/wp\/v2\/posts"}],"about":[{"href":"https:\/\/www.europesays.com\/fr\/wp-json\/wp\/v2\/types\/post"}],"author":[{"embeddable":true,"href":"https:\/\/www.europesays.com\/fr\/wp-json\/wp\/v2\/users\/2"}],"replies":[{"embeddable":true,"href":"https:\/\/www.europesays.com\/fr\/wp-json\/wp\/v2\/comments?post=441213"}],"version-history":[{"count":0,"href":"https:\/\/www.europesays.com\/fr\/wp-json\/wp\/v2\/posts\/441213\/revisions"}],"wp:featuredmedia":[{"embeddable":true,"href":"https:\/\/www.europesays.com\/fr\/wp-json\/wp\/v2\/media\/441214"}],"wp:attachment":[{"href":"https:\/\/www.europesays.com\/fr\/wp-json\/wp\/v2\/media?parent=441213"}],"wp:term":[{"taxonomy":"category","embeddable":true,"href":"https:\/\/www.europesays.com\/fr\/wp-json\/wp\/v2\/categories?post=441213"},{"taxonomy":"post_tag","embeddable":true,"href":"https:\/\/www.europesays.com\/fr\/wp-json\/wp\/v2\/tags?post=441213"}],"curies":[{"name":"wp","href":"https:\/\/api.w.org\/{rel}","templated":true}]}}