{"id":441217,"date":"2025-10-05T17:46:11","date_gmt":"2025-10-05T17:46:11","guid":{"rendered":"https:\/\/www.europesays.com\/fr\/441217\/"},"modified":"2025-10-05T17:46:11","modified_gmt":"2025-10-05T17:46:11","slug":"lagence-unique-occitanie-culture-est-la-nouvelle-agence-culturelle-regionale","status":"publish","type":"post","link":"https:\/\/www.europesays.com\/fr\/441217\/","title":{"rendered":"L\u2019Agence Unique, Occitanie Culture est la nouvelle agence culturelle r\u00e9gionale"},"content":{"rendered":"<p>La R\u00e9gion Occitanie a officiellement fusionn\u00e9 ses trois agences culturelles (<a href=\"https:\/\/www.touleco.fr\/Audiovisuel-Avec-Occitanie-films-la-Region-fait-son-cinema,27210\" class=\"spip_in\" target=\"_blank\" rel=\"noopener\">Occitanie Films<\/a>, Occitanie Livre &amp; Lecture, Occitanie en sc\u00e8ne) en une seule nomm\u00e9e L\u2019Agence Unique, Occitanie Culture. Cette fusion est op\u00e9rationnelle \u00e0 l\u2019issue d\u2019une ann\u00e9e de travail pr\u00e9paratoire dirig\u00e9 par J\u00e9r\u00f4me Sion, pr\u00e9sident de l\u2019association de pr\u00e9figuration.<br class=\"autobr\"\/><br \/>\nIl est d\u00e9sormais pr\u00e9sident de la nouvelle agence culturelle. C\u2019est la premi\u00e8re agence r\u00e9gionale \u00e0 couvrir ces trois champs artistiques. L\u2019\u00e9quipe pluridisciplinaire est r\u00e9partie entre Toulouse et Montpellier.<\/p>\n","protected":false},"excerpt":{"rendered":"La R\u00e9gion Occitanie a officiellement fusionn\u00e9 ses trois agences culturelles (Occitanie Films, Occitanie Livre &amp; Lecture, Occitanie en&hellip;\n","protected":false},"author":2,"featured_media":373637,"comment_status":"","ping_status":"","sticky":false,"template":"","format":"standard","meta":{"footnotes":""},"categories":[2817],"tags":[1111,11,1997,12917,251,1777,674,1011,27,12,2219,56791,25],"class_list":{"0":"post-441217","1":"post","2":"type-post","3":"status-publish","4":"format-standard","5":"has-post-thumbnail","7":"category-bordeaux","8":"tag-actu","9":"tag-actualites","10":"tag-bordeaux","11":"tag-conseil-regional-occitanie","12":"tag-culture","13":"tag-eu","14":"tag-europe","15":"tag-fr","16":"tag-france","17":"tag-news","18":"tag-nouvelle-aquitaine","19":"tag-occitanie-films","20":"tag-republique-francaise"},"share_on_mastodon":{"url":"https:\/\/pubeurope.com\/@fr\/115322813407657470","error":""},"_links":{"self":[{"href":"https:\/\/www.europesays.com\/fr\/wp-json\/wp\/v2\/posts\/441217","targetHints":{"allow":["GET"]}}],"collection":[{"href":"https:\/\/www.europesays.com\/fr\/wp-json\/wp\/v2\/posts"}],"about":[{"href":"https:\/\/www.europesays.com\/fr\/wp-json\/wp\/v2\/types\/post"}],"author":[{"embeddable":true,"href":"https:\/\/www.europesays.com\/fr\/wp-json\/wp\/v2\/users\/2"}],"replies":[{"embeddable":true,"href":"https:\/\/www.europesays.com\/fr\/wp-json\/wp\/v2\/comments?post=441217"}],"version-history":[{"count":0,"href":"https:\/\/www.europesays.com\/fr\/wp-json\/wp\/v2\/posts\/441217\/revisions"}],"wp:featuredmedia":[{"embeddable":true,"href":"https:\/\/www.europesays.com\/fr\/wp-json\/wp\/v2\/media\/373637"}],"wp:attachment":[{"href":"https:\/\/www.europesays.com\/fr\/wp-json\/wp\/v2\/media?parent=441217"}],"wp:term":[{"taxonomy":"category","embeddable":true,"href":"https:\/\/www.europesays.com\/fr\/wp-json\/wp\/v2\/categories?post=441217"},{"taxonomy":"post_tag","embeddable":true,"href":"https:\/\/www.europesays.com\/fr\/wp-json\/wp\/v2\/tags?post=441217"}],"curies":[{"name":"wp","href":"https:\/\/api.w.org\/{rel}","templated":true}]}}