{"id":441220,"date":"2025-10-05T17:48:11","date_gmt":"2025-10-05T17:48:11","guid":{"rendered":"https:\/\/www.europesays.com\/fr\/441220\/"},"modified":"2025-10-05T17:48:11","modified_gmt":"2025-10-05T17:48:11","slug":"voici-le-programme-du-festival-jazz-sur-son-31","status":"publish","type":"post","link":"https:\/\/www.europesays.com\/fr\/441220\/","title":{"rendered":"voici le programme du festival Jazz sur son 31"},"content":{"rendered":"<p>            Par<br \/>\n        <strong><br \/>\n            <a href=\"https:\/\/actu.fr\/auteur\/redaction-toulouse\" title=\"Consulter tous les articles de R\u00e9daction de Toulouse\" target=\"_blank\" rel=\"noopener\">R\u00e9daction de Toulouse<\/a><br \/>\n        <\/strong><\/p>\n<p>        Publi\u00e9 le<\/p>\n<p>            5 oct. 2025 \u00e0 18h38        <\/p>\n<p>Chaque automne, le c\u0153ur des Toulousains bat au rythme du swing :<strong> Jazz sur son 31<\/strong>, rendez-vous devenu en <strong>pr\u00e8s de quarante ans<\/strong> incontournable <a href=\"https:\/\/actu.fr\/toulouse\/loisirs-culture\" target=\"_blank\" rel=\"noopener\">pour les m\u00e9lomanes de la r\u00e9gion<\/a>.\u00a0<\/p>\n<p class=\" wall-content\">Ouverture d\u2019esprit, \u00e9clectisme, accessibilit\u00e9 : le festival ne s\u2019adresse pas qu\u2019aux initi\u00e9s mais d\u00e9cloisonne, d\u00e9poussi\u00e8re et multiplie les passerelles entre<strong> jazz, funk, soul, musiques \u00e9lectroniques<\/strong> ou <strong>cin\u00e9matographiques<\/strong> pour attirer un public fid\u00e8le de curieux et de familles qui se croisent dans les salles de la Ville rose comme dans les petites communes du d\u00e9partement.<\/p>\n<p>49 concerts dont 40 gratuits<\/p>\n<p class=\" wall-content\">Du 8 au 19 octobre 2025, la 39\u1d49 \u00e9dition de ce<strong> festival devenu biennale<\/strong> <a href=\"https:\/\/actu.fr\/occitanie\/toulouse_31555\/haute-garonne-suppressions-de-postes-depenses-remises-en-cause-ou-en-est-on-au-departement_62412864.html\" target=\"_blank\" rel=\"noopener\">par imp\u00e9ratif financier<\/a>, ne proposera pas moins de <strong>49 concerts, dont 40 gratuit<\/strong>s, dans <strong>33 communes<\/strong> de l\u2019agglom\u00e9ration. C\u2019est \u00e7a, Jazz sur son 31 : des grandes sc\u00e8nes et des instants intimistes ; une superstar ici et un quartet l\u00e0, du partage partout.<\/p>\n<p>Kyle Eastwood, \u00e0 ne pas manquer\u00a0<\/p>\n<p class=\" wall-content\">La programmation a de quoi faire saliver. Notons dans nos agendas deux temps forts immanquables. Le 10 octobre, <strong>Altigone<\/strong>\u00a0accueillera <strong>Kyle Eastwood<\/strong> et son quintet : grand moment en perspective !<\/p>\n<p class=\" wall-content\">Contrebassiste et compositeur, Kyle a compos\u00e9 pour son <strong>l\u00e9gendaire p\u00e8re<\/strong> (Mystic River, Million Dollar Baby&#8230;) et son spectacle, <strong>\u00a0\u00bb Eastwood Symphonic \u00ab\u00a0<\/strong> rend pr\u00e9cis\u00e9ment hommage au grand Clint Eastwood en r\u00e9orchestrant ses musiques de film pour orchestre. \u00c0 Altigone, l\u2019orchestre sera quintet \u2013 et \u00e7a va envoyer, comme on dit !\u00a0<\/p>\n<p>Vid\u00e9os : en ce moment sur ActuExplosif Electro Deluxe Big Band !<br \/>\n    <img   decoding=\"async\" loading=\"lazy\" class=\"size-large\" src=\"https:\/\/www.europesays.com\/fr\/wp-content\/uploads\/2025\/10\/7971a6fc86d86ad71a6fc86d8c181av-960x640.jpg\" alt=\"Electro Deluxe\" width=\"960\" height=\"640\"\/><br \/>\n    Electro Deluxe Big Band \u00a9Frank Loriou \/ Agence VU<\/p>\n<p>Votre r\u00e9gion, votre actu !<\/p>\n<p>Recevez chaque jour les infos qui comptent pour vous.<\/p>\n<p>\t<a href=\"https:\/\/actu.fr\/newsletter\" class=\"ac-btn ac-btn--corner ac-btn--medium ac-btn--blue800\" target=\"_blank\" rel=\"noopener\">S&rsquo;incrire<\/a><\/p>\n<p class=\" wall-content\">Le lendemain \u00e0 la Halle aux Grains, l\u2019explosif<strong> Electro Deluxe Big Band<\/strong> m\u00e9langera pour notre plus grand bonheur jazz, soul, funk, hip-hop \u2013 en un mot tout ce qui swing et donne envie de taper dans les mains, de danser et crier de joie.<\/p>\n<p class=\" wall-content\">La sc\u00e8ne fran\u00e7aise sera dignement repr\u00e9sent\u00e9e par<strong> Les Grandes Bouche<\/strong>s, qui jetteront un grand pont de Toulouse \u00e0 Cuba le 8 octobre au Pavillon R\u00e9publique. On courra \u00e9couter la trompettiste<strong> Airelle Besson<\/strong> et l\u2019accord\u00e9oniste <strong>Lionel Suarez<\/strong>, qui formeront un duo plein de promesses le 14 \u00e0 la Salle Nougaro, tandis que le saxophoniste am\u00e9ricain Ken Vandermark sera tr\u00e8s \u00a0\u00bb free \u00a0\u00bb le 8 au Grand Rond.<\/p>\n<p class=\" wall-content\">Notons encore les concerts du <strong>Na\u00efma Quartet<\/strong> au Taquin le 9, du <strong>Baptiste Herbin Trio<\/strong> \u00e0 L\u00e9guevin le 10 ou encore, le m\u00eame soir, celui du <strong>Nicolas Gardel 4tet<\/strong> \u00e0 Tournefeuille.<\/p>\n<p>Des artistes locaux programm\u00e9s<\/p>\n<p class=\" wall-content\">Braquer<strong> un large projecteur sur la sc\u00e8ne locale<\/strong> demeure la grande affaire de Jazz sur son 31 et, sur les 49 concerts programm\u00e9s,<strong> 26 formations haut-garonnaises<\/strong> figurent \u00e0 l\u2019affiche.<\/p>\n<p class=\" wall-content\">Parmi elles, le collectif <strong>Troisi\u00e8me Face<\/strong>, en r\u00e9sidence \u00e0 l\u2019Espace Roguet, pr\u00e9sentera une cr\u00e9ation originale,<strong> Jazz &amp; Machines<\/strong>, qui m\u00ealera instruments acoustiques et textures \u00e9lectroniques.<\/p>\n<p class=\" wall-content\">Au-del\u00e0 des noms, Jazz sur son 31 cultive ce qui a fait son succ\u00e8s : des <strong>tarifs abordables<\/strong>, <strong>une forte gratuit\u00e9<\/strong>, une ambiance d\u00e9contract\u00e9e et conviviale et des lieux \u00e0 taille humaine qui favorisent la proximit\u00e9 pour continuer \u00e0 faire dialoguer les g\u00e9n\u00e9rations, les styles et les territoires. La bande-son de l\u2019automne toulousain swinguera cette ann\u00e9e encore entre fid\u00e9lit\u00e9 et audace, tradition et m\u00e9tamorphoses. On va se r\u00e9galer.<\/p>\n<p class=\" wall-content\"><strong>Yves GABAY<\/strong><\/p>\n<p>Jazz sur son 31, 39e \u00e9dition, du 8 au 19 octobre. Plus d\u2019infos <a href=\"http:\/\/www.haute-garonne.fr\/jazz-sur-son-31\" target=\"_blank\" rel=\"noopener\">sur le site du Conseil d\u00e9partemental de la Haute-Garonne<\/a>.\u00a0<\/p>\n<p class=\" wall-content\">Personnalisez votre actualit\u00e9 en ajoutant vos villes et m\u00e9dias en favori avec <a href=\"https:\/\/moncompte.actu.fr\" title=\"D\u00e9couvez Mon Actu\" rel=\"nofollow noopener\" data-trk=\"{&quot;cta&quot;:{&quot;action&quot;:&quot;https:\\\/\\\/moncompte.actu.fr&quot;,&quot;category&quot;:&quot;mon compte&quot;,&quot;from&quot;:&quot;article footer&quot;,&quot;name&quot;:&quot;Mon actu&quot;,&quot;type&quot;:&quot;cta&quot;}}\" target=\"_blank\">Mon Actu<\/a>.<\/p>\n","protected":false},"excerpt":{"rendered":"Par R\u00e9daction de Toulouse Publi\u00e9 le 5 oct. 2025 \u00e0 18h38 Chaque automne, le c\u0153ur des Toulousains bat&hellip;\n","protected":false},"author":2,"featured_media":441221,"comment_status":"","ping_status":"","sticky":false,"template":"","format":"standard","meta":{"footnotes":""},"categories":[2816],"tags":[1111,11,1777,674,1011,27,1652,12,2680,25,1341,2312],"class_list":{"0":"post-441220","1":"post","2":"type-post","3":"status-publish","4":"format-standard","5":"has-post-thumbnail","7":"category-toulouse","8":"tag-actu","9":"tag-actualites","10":"tag-eu","11":"tag-europe","12":"tag-fr","13":"tag-france","14":"tag-loisirs-culture","15":"tag-news","16":"tag-occitanie","17":"tag-republique-francaise","18":"tag-sortir-a-toulouse","19":"tag-toulouse"},"share_on_mastodon":{"url":"https:\/\/pubeurope.com\/@fr\/115322821897149111","error":""},"_links":{"self":[{"href":"https:\/\/www.europesays.com\/fr\/wp-json\/wp\/v2\/posts\/441220","targetHints":{"allow":["GET"]}}],"collection":[{"href":"https:\/\/www.europesays.com\/fr\/wp-json\/wp\/v2\/posts"}],"about":[{"href":"https:\/\/www.europesays.com\/fr\/wp-json\/wp\/v2\/types\/post"}],"author":[{"embeddable":true,"href":"https:\/\/www.europesays.com\/fr\/wp-json\/wp\/v2\/users\/2"}],"replies":[{"embeddable":true,"href":"https:\/\/www.europesays.com\/fr\/wp-json\/wp\/v2\/comments?post=441220"}],"version-history":[{"count":0,"href":"https:\/\/www.europesays.com\/fr\/wp-json\/wp\/v2\/posts\/441220\/revisions"}],"wp:featuredmedia":[{"embeddable":true,"href":"https:\/\/www.europesays.com\/fr\/wp-json\/wp\/v2\/media\/441221"}],"wp:attachment":[{"href":"https:\/\/www.europesays.com\/fr\/wp-json\/wp\/v2\/media?parent=441220"}],"wp:term":[{"taxonomy":"category","embeddable":true,"href":"https:\/\/www.europesays.com\/fr\/wp-json\/wp\/v2\/categories?post=441220"},{"taxonomy":"post_tag","embeddable":true,"href":"https:\/\/www.europesays.com\/fr\/wp-json\/wp\/v2\/tags?post=441220"}],"curies":[{"name":"wp","href":"https:\/\/api.w.org\/{rel}","templated":true}]}}