{"id":441228,"date":"2025-10-05T17:52:12","date_gmt":"2025-10-05T17:52:12","guid":{"rendered":"https:\/\/www.europesays.com\/fr\/441228\/"},"modified":"2025-10-05T17:52:12","modified_gmt":"2025-10-05T17:52:12","slug":"la-diaspora-malgache-se-mobilise-a-marseille","status":"publish","type":"post","link":"https:\/\/www.europesays.com\/fr\/441228\/","title":{"rendered":"la diaspora malgache se mobilise \u00e0 Marseille"},"content":{"rendered":"<p>Le drapeau blanc, rouge et vert flotte sous l\u2019ombri\u00e8re du Vieux-Port, \u00e0 Marseille. En cette fin de dimanche apr\u00e8s-midi 5\u00a0octobre, pr\u00e8s de 150 personnes entonnent l\u2019hymne de Madagascar. Apr\u00e8s un premier rassemblement spontan\u00e9 le week-end pr\u00e9c\u00e9dent, la manifestation a cette fois \u00e9t\u00e9 d\u00e9clar\u00e9e en pr\u00e9fecture.<\/p>\n<p>\u00ab\u00a0Non \u00e0 la corruption, oui \u00e0 la libert\u00e9 d\u2019expression\u00a0\u00bb, \u00ab\u00a0On porte la voix de ceux que vous tuez\u00a0\u00bb\u00a0: ces membres de la diaspora malgache, venus de toute la r\u00e9gion, r\u00e9clament l\u2019arr\u00eat de la r\u00e9pression du mouvement social sur la Grande \u00cele men\u00e9e par le pr\u00e9sident Andry Rajoelina. Le d\u00e9put\u00e9 LFI S\u00e9bastien Delogu \u00e9tait \u00e9galement pr\u00e9sent.<\/p>\n<p>Depuis dix jours, sous l\u2019impulsion <a href=\"https:\/\/www.laprovence.com\/article\/societe\/1675032619713514\/du-maroc-a-madagascar-comment-la-gen-z-bouscule-les-pouvoirs-en-arborant-la-banniere-one-piece\" target=\"_blank\" rel=\"nofollow noopener\">des jeunes de la \u00ab\u00a0G\u00e9n\u00e9ration Z\u00a0\u00bb<\/a>, des manifestations sont r\u00e9guli\u00e8rement organis\u00e9es dans la capitale Antananarivo. Une contestation violemment r\u00e9prim\u00e9e par le pouvoir en place, y compris \u00ab\u00a0\u00e0 balles r\u00e9elles\u00a0\u00bb, <a href=\"https:\/\/www.laprovence.com\/article\/france-monde\/4501814634822714\/manifestations-a-madagascar-un-vent-de-changement-inspire-du-nepal\" target=\"_blank\" rel=\"nofollow noopener\">faisant au moins 22 morts<\/a>. \u00ab\u00a0Ce jeudi, en France, les forces de l\u2019ordre \u00e9taient l\u00e0 pour permettre aux manifestants de d\u00e9filer. \u00c0 Madagascar, c\u2019est le contraire\u00a0: elles emp\u00eachent la population de s\u2019exprimer et ne font rien quand il y a des pillages et des saccages\u00a0\u00bb, s\u2019inqui\u00e8te Dinamalala, venue de Salin-de-Giraud, \u00e0 Arles.<\/p>\n<p>Pancarte en anglais dans les mains, \u00c9ric, qui vit \u00e0 Marseille, est en lien constant avec sa famille rest\u00e9e \u00e0 Madagascar\u00a0: \u00ab\u00a0Les coupures d\u2019\u00e9lectricit\u00e9 durent jusqu\u2019\u00e0 douze heures par jour. Et pour avoir de l\u2019eau &#8211; m\u00eame pas potable &#8211; il faut se lever \u00e0 trois heures du matin pour aller faire la queue aux pompes publiques. Comment voulez-vous vivre normalement\u00a0?\u00a0\u00bb\u00a0<\/p>\n<p><img alt=\"Rassemblement de la communaut\u00e9 malgache de Marseille sous l'ombri\u00e8re du Vieux Port en soutien au mouvement social que vit Madagascar depuis septembre 2025.\" loading=\"lazy\" decoding=\"async\" data-nimg=\"fill\" class=\" TwicCore_img__i9TC1 undefined  undefined\" style=\"position:absolute;height:100%;width:100%;left:0;top:0;right:0;bottom:0;color:transparent;background-size:cover;background-position:50% 50%;background-repeat:no-repeat;background-image:url(&quot;data:image\/svg+xml;charset=utf-8,%3Csvg xmlns='http:\/\/www.w3.org\/2000\/svg' %3E%3Cfilter id='b' color-interpolation-filters='sRGB'%3E%3CfeGaussianBlur stdDeviation='20'\/%3E%3CfeColorMatrix values='1 0 0 0 0 0 1 0 0 0 0 0 1 0 0 0 0 0 100 -1' result='s'\/%3E%3CfeFlood x='0' y='0' width='100%25' height='100%25'\/%3E%3CfeComposite operator='out' in='s'\/%3E%3CfeComposite in2='SourceGraphic'\/%3E%3CfeGaussianBlur stdDeviation='20'\/%3E%3C\/filter%3E%3Cimage width='100%25' height='100%25' x='0' y='0' preserveAspectRatio='none' style='filter: url(%23b);' href='https:\/\/pictures.laprovence.com\/cdn-cgi\/image\/blur=250\/media\/melody\/2025\/10\/05\/rassemblement-de-la-communaute-malgache-de-marseille-sous-l-ombriere-du-vieux-port-en-soutien-au-mou-1759685119_c1c280d5a2e86d5c280d5a2e8a9c28v_.jpg'\/%3E%3C\/svg%3E&quot;)\"   src=\"https:\/\/www.europesays.com\/fr\/wp-content\/uploads\/2025\/10\/rassemblement-de-la-communaute-malgache-de-marseille-sous-l-ombriere-du-vieux-port-en-soutien-au-mou.jpeg\"\/>Rassemblement de la communaut\u00e9 malgache de Marseille sous l&rsquo;ombri\u00e8re du Vieux Port en soutien au mouvement social que vit Madagascar depuis septembre 2025. \/ photo Nicolas VALLAURI<\/p>\n<p>Le renvoi par Andry Rajoelina <a href=\"https:\/\/www.laprovence.com\/article\/france-monde\/47988163886477\/manifestations-a-madagascar-le-president-annonce-renvoyer-tout-son-gouvernement\" target=\"_blank\" rel=\"nofollow noopener\">de l\u2019ensemble de son gouvernement<\/a> le 29\u00a0septembre, pour tenter de calmer la col\u00e8re populaire, n\u2019a pas eu l\u2019effet escompt\u00e9. Dinamalala est fataliste\u00a0: \u00ab\u00a0Peu importe qui sera l\u00e0 apr\u00e8s lui, ce sera toujours le chaos. Ce que nous voulons, c\u2019est le droit \u00e0 l\u2019eau et \u00e0 l\u2019\u00e9lectricit\u00e9 et la lutte contre la corruption.\u00a0\u00bb<\/p>\n","protected":false},"excerpt":{"rendered":"Le drapeau blanc, rouge et vert flotte sous l\u2019ombri\u00e8re du Vieux-Port, \u00e0 Marseille. En cette fin de dimanche&hellip;\n","protected":false},"author":2,"featured_media":441229,"comment_status":"","ping_status":"","sticky":false,"template":"","format":"standard","meta":{"footnotes":""},"categories":[2814],"tags":[17,1111,11,12376,1777,674,1011,27,56792,8459,56793,884,9873,12,316,882,17047,25],"class_list":{"0":"post-441228","1":"post","2":"type-post","3":"status-publish","4":"format-standard","5":"has-post-thumbnail","7":"category-marseille","8":"tag-17","9":"tag-actu","10":"tag-actualites","11":"tag-diaspora","12":"tag-eu","13":"tag-europe","14":"tag-fr","15":"tag-france","16":"tag-gen","17":"tag-madagascar","18":"tag-malgache","19":"tag-marseille","20":"tag-mobilise","21":"tag-news","22":"tag-politique","23":"tag-provence-alpes-cote-dazur","24":"tag-repression","25":"tag-republique-francaise"},"share_on_mastodon":{"url":"https:\/\/pubeurope.com\/@fr\/115322837580784495","error":""},"_links":{"self":[{"href":"https:\/\/www.europesays.com\/fr\/wp-json\/wp\/v2\/posts\/441228","targetHints":{"allow":["GET"]}}],"collection":[{"href":"https:\/\/www.europesays.com\/fr\/wp-json\/wp\/v2\/posts"}],"about":[{"href":"https:\/\/www.europesays.com\/fr\/wp-json\/wp\/v2\/types\/post"}],"author":[{"embeddable":true,"href":"https:\/\/www.europesays.com\/fr\/wp-json\/wp\/v2\/users\/2"}],"replies":[{"embeddable":true,"href":"https:\/\/www.europesays.com\/fr\/wp-json\/wp\/v2\/comments?post=441228"}],"version-history":[{"count":0,"href":"https:\/\/www.europesays.com\/fr\/wp-json\/wp\/v2\/posts\/441228\/revisions"}],"wp:featuredmedia":[{"embeddable":true,"href":"https:\/\/www.europesays.com\/fr\/wp-json\/wp\/v2\/media\/441229"}],"wp:attachment":[{"href":"https:\/\/www.europesays.com\/fr\/wp-json\/wp\/v2\/media?parent=441228"}],"wp:term":[{"taxonomy":"category","embeddable":true,"href":"https:\/\/www.europesays.com\/fr\/wp-json\/wp\/v2\/categories?post=441228"},{"taxonomy":"post_tag","embeddable":true,"href":"https:\/\/www.europesays.com\/fr\/wp-json\/wp\/v2\/tags?post=441228"}],"curies":[{"name":"wp","href":"https:\/\/api.w.org\/{rel}","templated":true}]}}