{"id":441230,"date":"2025-10-05T17:53:12","date_gmt":"2025-10-05T17:53:12","guid":{"rendered":"https:\/\/www.europesays.com\/fr\/441230\/"},"modified":"2025-10-05T17:53:12","modified_gmt":"2025-10-05T17:53:12","slug":"le-mucem-de-marseille-sort-une-guillotine-de-sa-collection-pour-lentree-au-pantheon-de-robert-badinter","status":"publish","type":"post","link":"https:\/\/www.europesays.com\/fr\/441230\/","title":{"rendered":"Le Mucem de Marseille sort une guillotine de sa collection pour l\u2019entr\u00e9e au Panth\u00e9on de Robert Badinter"},"content":{"rendered":"<p>Le mus\u00e9e d\u00e9di\u00e9 aux civilisations de l\u2019Europe et de la M\u00e9diterran\u00e9e rendra hommage \u00e0 l\u2019ancien Garde des Sceaux le 9 octobre en exposant la guillotine qu\u2019il a fait entrer aux collections nationales en 1982.<\/p>\n<p class=\"fig-paragraph\">Comme un symbole. Le Mus\u00e9e des civilisations de l\u2019Europe et de la M\u00e9diterran\u00e9e (<a href=\"http:\/\/www.lefigaro.fr\/culture\/une-exposition-parfaitement-instagrammable-herve-di-rosa-au-coeur-des-collections-du-mucem-20250810\" data-fig-type=\"Article\" data-gtm-custom-categorie=\"navigation\" data-gtm-custom-action=\"crossclick\" data-gtm-custom-label=\"Contextuel\" data-gtm-event=\"customEventSPE\" data-fig-domain=\"LEFIGARO\" target=\"_blank\" rel=\"noopener\">Mucem<\/a>), situ\u00e9 \u00e0 Marseille, pr\u00e9sentera le 9 octobre une exposition gratuite autour d\u2019une<a href=\"http:\/\/www.lefigaro.fr\/histoire\/archives\/peine-de-mort-le-28-novembre-1972-buffet-et-bontems-sont-guillotines-a-la-prison-de-la-sante-20221128\" data-fig-type=\"Article\" data-gtm-custom-categorie=\"navigation\" data-gtm-custom-action=\"crossclick\" data-gtm-custom-label=\"Contextuel\" data-gtm-event=\"customEventSPE\" data-fig-domain=\"LEFIGARO\" target=\"_blank\" rel=\"noopener\">\u00a0guillotine\u00a0<\/a>conserv\u00e9e en 1982 par<a href=\"http:\/\/www.lefigaro.fr\/actualite-france\/loi-sur-la-fin-de-vie-robert-badinter-aurait-soutenu-ce-texte-assure-son-epouse-20240421\" data-fig-type=\"NewsFlash\" data-gtm-custom-categorie=\"navigation\" data-gtm-custom-action=\"crossclick\" data-gtm-custom-label=\"Contextuel\" data-gtm-event=\"customEventSPE\" data-fig-domain=\"LEFIGARO\" target=\"_blank\" rel=\"noopener\">\u00a0Robert Badinter<\/a>, \u00e0 l\u2019occasion de<a href=\"http:\/\/www.lefigaro.fr\/politique\/emmanuel-macron-a-choisi-les-dates-des-pantheonisations-de-robert-badinter-et-marc-bloch-20250408\" data-fig-type=\"NewsFlash\" data-gtm-custom-categorie=\"navigation\" data-gtm-custom-action=\"crossclick\" data-gtm-custom-label=\"Contextuel\" data-gtm-event=\"customEventSPE\" data-fig-domain=\"LEFIGARO\" target=\"_blank\" rel=\"noopener\">\u00a0l\u2019entr\u00e9e de l\u2019ancien ministre socialiste au Panth\u00e9on<\/a>. Le tr\u00e9sor du XIXe si\u00e8cle, affect\u00e9 \u00e0 l\u2019\u00e9tablissement phoc\u00e9en par le minist\u00e8re de la Justice un an apr\u00e8s l\u2019<a href=\"https:\/\/www.lefigaro.fr\/politique\/en-direct-deces-de-robert-badinter-artisan-de-l-abolition-de-la-peine-de-mort-20240209\" data-fig-type=\"Live\" data-gtm-custom-categorie=\"navigation\" data-gtm-custom-action=\"crossclick\" data-gtm-custom-label=\"Contextuel\" data-gtm-event=\"customEventSPE\" data-fig-domain=\"LEFIGARO\" target=\"_blank\" rel=\"noopener\">abolition de la peine de mort<\/a>, mettra en lumi\u00e8re \u00ab\u00a0l\u2019histoire judiciaire, politique et sociale fran\u00e7aise\u00a0\u00bb.<\/p>\n<p class=\"fig-paragraph\">Robert Badinter l\u2019avait int\u00e9gr\u00e9 il y a 43 ans aux collections nationales lorsqu\u2019il occupait ses fonctions de Garde des Sceaux au sein du gouvernement de\u00a0<a href=\"https:\/\/www.lefigaro.fr\/flash-actu\/2013\/06\/07\/97001-20130607FILWWW00310-l-ancien-premier-ministre-ps-pierre-mauroy-est-mort.php\" data-fig-type=\"NewsFlash\" data-gtm-custom-categorie=\"navigation\" data-gtm-custom-action=\"crossclick\" data-gtm-custom-label=\"Contextuel\" data-gtm-event=\"customEventSPE\" data-fig-domain=\"LEFIGARO\" target=\"_blank\" rel=\"noopener\">Pierre Mauroy<\/a>. La guillotine, construite par Alphonse-L\u00e9on Berger en remplacement d\u2019un mod\u00e8le d\u00e9truit durant la Commune de Paris, a \u00e9t\u00e9 utilis\u00e9e jusqu\u2019aux derni\u00e8res ex\u00e9cutions publiques \u00e0 la fin des ann\u00e9es 1970.<\/p>\n<p>    La guillotine d\u2019Alphonse-L\u00e9o a int\u00e9gr\u00e9 les collections nationales en 1982 \u00e0 la demande de Robert Badinter.<br \/>\n                MIGUEL MEDINA \/ AFP<\/p>\n<p>                                    <a class=\"fig-a11y-skip a11y-hidden\" href=\"#fig-a11y-skip-main-inarticle\"><br \/>\n        Passer la publicit\u00e9<br \/>\n    <\/a><\/p>\n<p>\u00ab\u00a0Une esp\u00e8ce d\u2019idole sanglante\u00a0\u00bb<\/p>\n<p class=\"fig-paragraph\">\u00ab\u00a0Le choix de Badinter \u00e9tait un geste fort, indique le mus\u00e9e marseillais dans un communiqu\u00e9. Il souhaitait inscrire dans la m\u00e9moire collective la trace mat\u00e9rielle de la peine capitale au moment m\u00eame o\u00f9 la France s\u2019en lib\u00e9rait.\u00a0\u00bb En 2010, celui qui a aussi \u00e9t\u00e9 pr\u00e9sident du\u00a0<a href=\"http:\/\/www.lefigaro.fr\/actualite-france\/richard-ferrand-le-conseil-constitutionnel-n-est-pas-un-pouvoir-mais-il-a-du-pouvoir-20251002\" data-fig-type=\"Article\" data-gtm-custom-categorie=\"navigation\" data-gtm-custom-action=\"crossclick\" data-gtm-custom-label=\"Contextuel\" data-gtm-event=\"customEventSPE\" data-fig-domain=\"LEFIGARO\" target=\"_blank\" rel=\"noopener\">Conseil constitutionnel<\/a>\u00a0entre 1986 et 1995 d\u00e9clarait au sujet de cet objet qu\u2019il avait \u00ab\u00a0l\u2019air d\u2019une esp\u00e8ce d\u2019idole, sanglante, qui attendait sa ration de mort\u00a0\u00bb. \u00ab\u00a0Maintenant, c\u2019est une pi\u00e8ce de mus\u00e9e, tout est dit\u00a0\u00bb, ironisait-il au micro d\u2019Europe 1.<\/p>\n<p class=\"fig-body-link\">\n            \u00c0 lire aussi<br \/>\n        <a class=\"fig-body-link__link fig-premium-mark\" href=\"http:\/\/www.lefigaro.fr\/vox\/societe\/eugenie-bastie-pantheoniser-badinter-legaliser-l-euthanasie-les-paradoxes-d-une-societe-deboussolee-20250515\" target=\"_blank\" data-fig-type=\"Article\" rel=\"noopener\" data-gtm-custom-categorie=\"navigation\" data-gtm-custom-action=\"crossclick\" data-gtm-custom-label=\"Contextuel\" data-gtm-event=\"customEventSPE\" data-fig-domain=\"LEFIGARO\">Eug\u00e9nie Basti\u00e9\u00a0: \u00abPanth\u00e9oniser Badinter, l\u00e9galiser l\u2019euthanasie, les paradoxes d\u2019une soci\u00e9t\u00e9 d\u00e9boussol\u00e9e\u00bb<br \/>\n    <\/a>\n<\/p>\n<p class=\"fig-paragraph\">Cette guillotine d\u2019Alphonse-L\u00e9on Berger int\u00e9grera un hommage plus large \u00e0 l\u2019ancien Garde des Sceaux et ses combats politiques avec une soir\u00e9e organis\u00e9e le 13 octobre en pr\u00e9sence d\u2019intellectuels et d\u2019artistes. L\u2019objet sera ajout\u00e9 \u00e0 l\u2019exposition permanente Populaire\u00a0?. Celle-ci \u00ab\u00a0documente et met en lumi\u00e8re les mobilisations sociales face aux grandes transformations du monde\u00a0\u00bb \u00e0 travers une s\u00e9lection d\u2019objets des XXe et XXIe si\u00e8cles, pr\u00e9cise le Mucem.<\/p>\n","protected":false},"excerpt":{"rendered":"Le mus\u00e9e d\u00e9di\u00e9 aux civilisations de l\u2019Europe et de la M\u00e9diterran\u00e9e rendra hommage \u00e0 l\u2019ancien Garde des Sceaux&hellip;\n","protected":false},"author":2,"featured_media":441231,"comment_status":"","ping_status":"","sticky":false,"template":"","format":"standard","meta":{"footnotes":""},"categories":[2814],"tags":[1111,11,1777,674,1011,27,884,6864,12,9711,882,25,56676],"class_list":{"0":"post-441230","1":"post","2":"type-post","3":"status-publish","4":"format-standard","5":"has-post-thumbnail","7":"category-marseille","8":"tag-actu","9":"tag-actualites","10":"tag-eu","11":"tag-europe","12":"tag-fr","13":"tag-france","14":"tag-marseille","15":"tag-mucem","16":"tag-news","17":"tag-pantheon","18":"tag-provence-alpes-cote-dazur","19":"tag-republique-francaise","20":"tag-robert-badinter"},"share_on_mastodon":{"url":"https:\/\/pubeurope.com\/@fr\/115322840985514633","error":""},"_links":{"self":[{"href":"https:\/\/www.europesays.com\/fr\/wp-json\/wp\/v2\/posts\/441230","targetHints":{"allow":["GET"]}}],"collection":[{"href":"https:\/\/www.europesays.com\/fr\/wp-json\/wp\/v2\/posts"}],"about":[{"href":"https:\/\/www.europesays.com\/fr\/wp-json\/wp\/v2\/types\/post"}],"author":[{"embeddable":true,"href":"https:\/\/www.europesays.com\/fr\/wp-json\/wp\/v2\/users\/2"}],"replies":[{"embeddable":true,"href":"https:\/\/www.europesays.com\/fr\/wp-json\/wp\/v2\/comments?post=441230"}],"version-history":[{"count":0,"href":"https:\/\/www.europesays.com\/fr\/wp-json\/wp\/v2\/posts\/441230\/revisions"}],"wp:featuredmedia":[{"embeddable":true,"href":"https:\/\/www.europesays.com\/fr\/wp-json\/wp\/v2\/media\/441231"}],"wp:attachment":[{"href":"https:\/\/www.europesays.com\/fr\/wp-json\/wp\/v2\/media?parent=441230"}],"wp:term":[{"taxonomy":"category","embeddable":true,"href":"https:\/\/www.europesays.com\/fr\/wp-json\/wp\/v2\/categories?post=441230"},{"taxonomy":"post_tag","embeddable":true,"href":"https:\/\/www.europesays.com\/fr\/wp-json\/wp\/v2\/tags?post=441230"}],"curies":[{"name":"wp","href":"https:\/\/api.w.org\/{rel}","templated":true}]}}