{"id":441232,"date":"2025-10-05T17:54:10","date_gmt":"2025-10-05T17:54:10","guid":{"rendered":"https:\/\/www.europesays.com\/fr\/441232\/"},"modified":"2025-10-05T17:54:10","modified_gmt":"2025-10-05T17:54:10","slug":"la-lyonnaise-amelie-de-montchalin-reste-en-poste-francois-noel-buffet-en-stand-by","status":"publish","type":"post","link":"https:\/\/www.europesays.com\/fr\/441232\/","title":{"rendered":"la lyonnaise Am\u00e9lie de Montchalin reste en poste, Fran\u00e7ois-No\u00ebl Buffet en stand-by"},"content":{"rendered":"<p itemprop=\"description\"><strong>Ce dimanche soir, au terme de 26 jours sans gouvernement, S\u00e9bastien Lecornu a nomm\u00e9 plusieurs ministres.<\/strong><\/p>\n<p>Le Premier ministre a obtenu dans la journ\u00e9e l&rsquo;accord des R\u00e9publicains, d&rsquo;Horizons, du MoDem et de l&rsquo;UDI pour y participer. Une d\u00e9cision de LR qui allait \u00e0 l&rsquo;encontre de ce que r\u00e9clamait Laurent Wauquiez, pr\u00e9sident du groupe \u00e0 l&rsquo;Assembl\u00e9e nationale.<\/p>\n<p>La lyonnaise Am\u00e9lie de Montchalin reste ministre des Comptes publics, avec la lourde t\u00e2che de r\u00e9diger le budget 2026. D&rsquo;ailleurs, la plupart des ministres principaux de Fran\u00e7ois Bayrou sont reconduits : Elisabeth Borne (Education), Bruno Retailleau (Int\u00e9rieur), Manuel Valls (Outre-mer), G\u00e9rald Darmanin (Justice), Jean-No\u00ebl Barrot (Affaires \u00e9trang\u00e8res) et Rachida Dati (Culture).<\/p>\n<p>Roland Lescure arrive \u00e0 l&rsquo;Economie et Bruno Le Maire fait aussi son retour, \u00e0 la t\u00eate des Arm\u00e9es.<\/p>\n<p>Ministre d\u00e9missionnaire aupr\u00e8s du ministre de l&rsquo;Int\u00e9rieur, <a href=\"https:\/\/www.lyonmag.com\/profil-personnalite-lyonnaise\/19\/francois-noel-buffet\" target=\"_blank\" rel=\"noopener\">Fran\u00e7ois-No\u00ebl Buffet<\/a> ne fait pas partie des annonces de ce dimanche soir. Mais seuls les ministres principaux et deux ministres aupr\u00e8s du Premier ministre ont \u00e9t\u00e9 annonc\u00e9s pour le moment. Le reste du gouvernement sera connu dans la semaine, et il se pourrait que le s\u00e9nateur rhodanien, ancien maire d&rsquo;Oullins, reste \u00e0 Paris.<\/p>\n","protected":false},"excerpt":{"rendered":"Ce dimanche soir, au terme de 26 jours sans gouvernement, S\u00e9bastien Lecornu a nomm\u00e9 plusieurs ministres. Le Premier&hellip;\n","protected":false},"author":2,"featured_media":441233,"comment_status":"","ping_status":"","sticky":false,"template":"","format":"standard","meta":{"footnotes":""},"categories":[1889],"tags":[1111,11,2813,2190,2430,1109,251,1112,2811,1777,674,118,1011,27,1922,1110,1114,2428,2810,12,241,316,25,2812,517,800],"class_list":{"0":"post-441232","1":"post","2":"type-post","3":"status-publish","4":"format-standard","5":"has-post-thumbnail","7":"category-lyon","8":"tag-actu","9":"tag-actualites","10":"tag-article","11":"tag-asvel","12":"tag-auvergne-rhone-alpes","13":"tag-breves","14":"tag-culture","15":"tag-depeches","16":"tag-economique","17":"tag-eu","18":"tag-europe","19":"tag-faits-divers","20":"tag-fr","21":"tag-france","22":"tag-info","23":"tag-informations","24":"tag-infos","25":"tag-lyon","26":"tag-lyonmag","27":"tag-news","28":"tag-ol","29":"tag-politique","30":"tag-republique-francaise","31":"tag-sociale","32":"tag-sport","33":"tag-transports"},"share_on_mastodon":{"url":"https:\/\/pubeurope.com\/@fr\/115322844883868282","error":""},"_links":{"self":[{"href":"https:\/\/www.europesays.com\/fr\/wp-json\/wp\/v2\/posts\/441232","targetHints":{"allow":["GET"]}}],"collection":[{"href":"https:\/\/www.europesays.com\/fr\/wp-json\/wp\/v2\/posts"}],"about":[{"href":"https:\/\/www.europesays.com\/fr\/wp-json\/wp\/v2\/types\/post"}],"author":[{"embeddable":true,"href":"https:\/\/www.europesays.com\/fr\/wp-json\/wp\/v2\/users\/2"}],"replies":[{"embeddable":true,"href":"https:\/\/www.europesays.com\/fr\/wp-json\/wp\/v2\/comments?post=441232"}],"version-history":[{"count":0,"href":"https:\/\/www.europesays.com\/fr\/wp-json\/wp\/v2\/posts\/441232\/revisions"}],"wp:featuredmedia":[{"embeddable":true,"href":"https:\/\/www.europesays.com\/fr\/wp-json\/wp\/v2\/media\/441233"}],"wp:attachment":[{"href":"https:\/\/www.europesays.com\/fr\/wp-json\/wp\/v2\/media?parent=441232"}],"wp:term":[{"taxonomy":"category","embeddable":true,"href":"https:\/\/www.europesays.com\/fr\/wp-json\/wp\/v2\/categories?post=441232"},{"taxonomy":"post_tag","embeddable":true,"href":"https:\/\/www.europesays.com\/fr\/wp-json\/wp\/v2\/tags?post=441232"}],"curies":[{"name":"wp","href":"https:\/\/api.w.org\/{rel}","templated":true}]}}