{"id":441240,"date":"2025-10-05T18:01:14","date_gmt":"2025-10-05T18:01:14","guid":{"rendered":"https:\/\/www.europesays.com\/fr\/441240\/"},"modified":"2025-10-05T18:01:14","modified_gmt":"2025-10-05T18:01:14","slug":"en-alsace-moselle-un-nouveau-pas-vers-la-lente-reconnaissance-des-malgre-nous","status":"publish","type":"post","link":"https:\/\/www.europesays.com\/fr\/441240\/","title":{"rendered":"En Alsace-Moselle, un nouveau pas vers la lente reconnaissance des \u00ab\u00a0malgr\u00e9 nous\u00a0\u00bb"},"content":{"rendered":"<p>                         <img loading=\"lazy\" decoding=\"async\" src=\"https:\/\/www.europesays.com\/fr\/wp-content\/uploads\/2025\/10\/d8d7c5d_upload-1-9vw9q8ad4g6o-maxstockworld488484.jpg\" alt=\"Le monument aux morts de Niedermorschwihr (Haut-Rhin) ne portant aucun nom, le 1er\u00a0novembre\u00a02025.\"   width=\"664\" height=\"443\"\/>    Le monument aux morts de Niedermorschwihr (Haut-Rhin) ne portant aucun nom, le 1er\u00a0novembre\u00a02025.  HERV\u00c9 KIELWASSER\/\u00ab\u00a0L&rsquo;ALSACE\u00a0\u00bb\/MAXPPP                 <\/p>\n<p class=\"article__paragraph  \">Mondorff, commune d\u2019un peu moins de 600 habitants au nord de la Moselle, se pr\u00e9pare \u00e0 vivre un 11-Novembre tr\u00e8s particulier. Quatre noms vont \u00eatre d\u00e9voil\u00e9s sur son monument aux morts.<strong> <\/strong>\u00ab\u00a0Ceux de Maurice Block et de sa cousine Bella Moses, envoy\u00e9s de Drancy [Seine-Saint-Denis] \u00e0 Auschwitz par le convoi 68 en f\u00e9vrier\u00a01944. Mais aussi ceux de deux \u201cmalgr\u00e9 nous\u201d, morts au combat alors qu\u2019ils portaient l\u2019uniforme allemand. Il est grand temps de leur apporter la reconnaissance qu\u2019ils n\u2019ont pas eue jusqu\u2019\u00e0 pr\u00e9sent. Ils ne doivent pas non plus tomber dans l\u2019oubli\u00a0\u00bb, estime Rachel Zirovnik, la maire (sans \u00e9tiquette).<\/p>\n<p class=\"article__paragraph  \">D\u00e9termin\u00e9e, elle sait que cette nouveaut\u00e9 va cr\u00e9er l\u2019\u00e9v\u00e9nement dans son village. Ces noms seront les premiers grav\u00e9s dans le marbre du monument qualifi\u00e9 jusque-l\u00e0 de \u00ab\u00a0silencieux\u00a0\u00bb, car n\u2019en comportant aucun. Comme c\u2019est encore le cas sur 30\u00a0% des monuments aux morts d\u2019Alsace-Moselle, signe de la persistance du malaise autour des \u00ab\u00a0malgr\u00e9 nous\u00a0\u00bb. Plus de quatre-vingts ans apr\u00e8s leurs d\u00e9c\u00e8s, l\u2019\u00e9lue souhaite mettre fin \u00e0 ce flou historique \u00e0 l\u2019\u00e9chelle de sa commune\u00a0: \u00ab\u00a0Une association d\u2019histoire locale milite pour, et cela me trottait dans la t\u00eate depuis un moment. Quand mon pr\u00e9d\u00e9cesseur a fait \u00e9riger le monument, il y a une vingtaine d\u2019ann\u00e9es, la perception de la population \u00e9tait diff\u00e9rente. Aujourd\u2019hui, les gens sont pr\u00eats.\u00a0\u00bb<\/p>\n<p class=\"reading-mode-only \"><strong>Il vous reste 77.55% de cet article \u00e0 lire. La suite est r\u00e9serv\u00e9e aux abonn\u00e9s.<\/strong><\/p>\n","protected":false},"excerpt":{"rendered":"Le monument aux morts de Niedermorschwihr (Haut-Rhin) ne portant aucun nom, le 1er\u00a0novembre\u00a02025. HERV\u00c9 KIELWASSER\/\u00ab\u00a0L&rsquo;ALSACE\u00a0\u00bb\/MAXPPP Mondorff, commune d\u2019un&hellip;\n","protected":false},"author":2,"featured_media":441241,"comment_status":"","ping_status":"","sticky":false,"template":"","format":"standard","meta":{"footnotes":""},"categories":[1888],"tags":[1111,1928,11,1927,1777,674,1011,27,12,1926,626,1925,25],"class_list":{"0":"post-441240","1":"post","2":"type-post","3":"status-publish","4":"format-standard","5":"has-post-thumbnail","7":"category-paris","8":"tag-actu","9":"tag-actu-paris","10":"tag-actualites","11":"tag-actualites-paris","12":"tag-eu","13":"tag-europe","14":"tag-fr","15":"tag-france","16":"tag-news","17":"tag-news-paris","18":"tag-paris","19":"tag-paris-news","20":"tag-republique-francaise"},"share_on_mastodon":{"url":"https:\/\/pubeurope.com\/@fr\/115322873119069888","error":""},"_links":{"self":[{"href":"https:\/\/www.europesays.com\/fr\/wp-json\/wp\/v2\/posts\/441240","targetHints":{"allow":["GET"]}}],"collection":[{"href":"https:\/\/www.europesays.com\/fr\/wp-json\/wp\/v2\/posts"}],"about":[{"href":"https:\/\/www.europesays.com\/fr\/wp-json\/wp\/v2\/types\/post"}],"author":[{"embeddable":true,"href":"https:\/\/www.europesays.com\/fr\/wp-json\/wp\/v2\/users\/2"}],"replies":[{"embeddable":true,"href":"https:\/\/www.europesays.com\/fr\/wp-json\/wp\/v2\/comments?post=441240"}],"version-history":[{"count":0,"href":"https:\/\/www.europesays.com\/fr\/wp-json\/wp\/v2\/posts\/441240\/revisions"}],"wp:featuredmedia":[{"embeddable":true,"href":"https:\/\/www.europesays.com\/fr\/wp-json\/wp\/v2\/media\/441241"}],"wp:attachment":[{"href":"https:\/\/www.europesays.com\/fr\/wp-json\/wp\/v2\/media?parent=441240"}],"wp:term":[{"taxonomy":"category","embeddable":true,"href":"https:\/\/www.europesays.com\/fr\/wp-json\/wp\/v2\/categories?post=441240"},{"taxonomy":"post_tag","embeddable":true,"href":"https:\/\/www.europesays.com\/fr\/wp-json\/wp\/v2\/tags?post=441240"}],"curies":[{"name":"wp","href":"https:\/\/api.w.org\/{rel}","templated":true}]}}