{"id":441244,"date":"2025-10-05T18:03:12","date_gmt":"2025-10-05T18:03:12","guid":{"rendered":"https:\/\/www.europesays.com\/fr\/441244\/"},"modified":"2025-10-05T18:03:12","modified_gmt":"2025-10-05T18:03:12","slug":"chatillon-une-femme-de-26-ans-arrache-un-oeil-dun-jeune-homme-dans-un-etablissement-pour-autistes","status":"publish","type":"post","link":"https:\/\/www.europesays.com\/fr\/441244\/","title":{"rendered":"Ch\u00e2tillon\u00a0: une femme de 26\u00a0ans arrache un \u0153il d\u2019un jeune homme dans un \u00e9tablissement pour autistes"},"content":{"rendered":"<p class=\"paragraph text_align_left lp-f-body-02\">Horrible et triste drame \u00e0 Ch\u00e2tillon (Hauts-de-Seine), dans une structure accueillant des personnes souffrant d\u2019<a href=\"https:\/\/www.leparisien.fr\/societe\/sante\/une-epidemie-dautisme-vraiment-la-realite-derriere-les-lubies-americaines-23-04-2025-YGFAMD37S5BQVBX4W6J4SETTIU.php\" target=\"_blank\" rel=\"noreferrer noopener\">autisme<\/a>. Une jeune femme de 26 ans a arrach\u00e9 un \u0153il d\u2019un autre pensionnaire dans la nuit de samedi \u00e0 dimanche. Pour un motif futile, vraisemblablement li\u00e9 \u00e0 l\u2019utilisation d\u2019une banquette. M\u00eame s\u2019il est encore trop t\u00f4t pour d\u00e9terminer le d\u00e9clenchement de cette crise de violence et pour retracer le d\u00e9roulement pr\u00e9cis des \u00e9v\u00e9nements.<\/p>\n<p class=\"paragraph text_align_left lp-f-body-02\">\u00c0 ce stade, il ressort des premi\u00e8res constatations et des premiers \u00e9l\u00e9ments d\u2019enqu\u00eate que deux personnes s\u00e9journant \u00e0 la Maison d\u2019accueil sp\u00e9cialis\u00e9e La Fontaine, \u00e0 <a href=\"https:\/\/www.leparisien.fr\/hauts-de-seine-92\/chatillon-92320\/\" target=\"_blank\" rel=\"noreferrer noopener\">Ch\u00e2tillon<\/a>, se seraient d\u2019abord oppos\u00e9es lors d\u2019une dispute dans l\u2019apr\u00e8s-midi. Comme tous les pensionnaires de cet \u00e9tablissement, chacun a sa chambre et les uns et les autres peuvent se retrouver dans des espaces communs.<\/p>\n<p class=\"paragraph text_align_left lp-f-body-02\">C\u2019est justement dans un de ces espaces communs qu\u2019apr\u00e8s ce premier \u00e9pisode, une deuxi\u00e8me dispute a \u00e9clat\u00e9 dans la nuit. Avant que la querelle ne se mue en grande violence. C\u2019est alors que jeune femme aurait alors tent\u00e9 d\u2019arracher l\u2019\u0153il. Avec ses mains, croit savoir un proche de l\u2019affaire.<\/p>\n<p>\u00ab \u00c9pisode tr\u00e8s traumatique \u00bb<\/p>\n<p class=\"paragraph text_align_left lp-f-body-02\">L\u2019\u00e9quipe de veille de nuit de la structure est intervenue, avant que les pompiers ne proc\u00e8dent aux premiers soins, pour conduire tr\u00e8s rapidement la victime, un jeune homme, dans un service hospitalier d\u2019urgences ophtalmiques. \u00ab Il a pu \u00eatre op\u00e9r\u00e9 et l\u2019intervention s\u2019est bien pass\u00e9e \u00bb, assure une autre source.<\/p>\n<p class=\"paragraph text_align_left lp-f-body-02\">Quant \u00e0 celle qui l\u2019a agress\u00e9, elle a \u00e9t\u00e9 plac\u00e9e en garde \u00e0 vue vers 5 heures du matin. Mais la mesure a \u00e9t\u00e9 lev\u00e9e pour \u00ab incompatibilit\u00e9 en vue d\u2019une hospitalisation \u00bb, indique le parquet de Nanterre.<\/p>\n<p class=\"paragraph text_align_left lp-f-body-02\">L\u2019enqu\u00eate est confi\u00e9e au commissariat de Montrouge, dont d\u00e9pend Ch\u00e2tillon. Il s\u2019agira en premier lieu de retracer les circonstances de l\u2019agression commise derri\u00e8re les murs de cette structure d\u00e9pendant de la Fondation des Amis de l\u2019atelier, et qui accueille une cinquantaine de personnes, toutes adultes, en \u00ab h\u00e9bergement permanent \u00bb. Contact\u00e9, la direction de l\u2019\u00e9tablissement annonce la mise en place, ce lundi, d\u2019une cellule d\u2019\u00e9coute apr\u00e8s cet \u00e9pisode \u00ab tr\u00e8s traumatique \u00bb.<\/p>\n","protected":false},"excerpt":{"rendered":"Horrible et triste drame \u00e0 Ch\u00e2tillon (Hauts-de-Seine), dans une structure accueillant des personnes souffrant d\u2019autisme. Une jeune femme&hellip;\n","protected":false},"author":2,"featured_media":441245,"comment_status":"","ping_status":"","sticky":false,"template":"","format":"standard","meta":{"footnotes":""},"categories":[1888],"tags":[11,1777,674,118,1011,27,3314,1944,12,626,25],"class_list":{"0":"post-441244","1":"post","2":"type-post","3":"status-publish","4":"format-standard","5":"has-post-thumbnail","7":"category-paris","8":"tag-actualites","9":"tag-eu","10":"tag-europe","11":"tag-faits-divers","12":"tag-fr","13":"tag-france","14":"tag-hauts-de-seine","15":"tag-ma-ville","16":"tag-news","17":"tag-paris","18":"tag-republique-francaise"},"share_on_mastodon":{"url":"https:\/\/pubeurope.com\/@fr\/115322880286465830","error":""},"_links":{"self":[{"href":"https:\/\/www.europesays.com\/fr\/wp-json\/wp\/v2\/posts\/441244","targetHints":{"allow":["GET"]}}],"collection":[{"href":"https:\/\/www.europesays.com\/fr\/wp-json\/wp\/v2\/posts"}],"about":[{"href":"https:\/\/www.europesays.com\/fr\/wp-json\/wp\/v2\/types\/post"}],"author":[{"embeddable":true,"href":"https:\/\/www.europesays.com\/fr\/wp-json\/wp\/v2\/users\/2"}],"replies":[{"embeddable":true,"href":"https:\/\/www.europesays.com\/fr\/wp-json\/wp\/v2\/comments?post=441244"}],"version-history":[{"count":0,"href":"https:\/\/www.europesays.com\/fr\/wp-json\/wp\/v2\/posts\/441244\/revisions"}],"wp:featuredmedia":[{"embeddable":true,"href":"https:\/\/www.europesays.com\/fr\/wp-json\/wp\/v2\/media\/441245"}],"wp:attachment":[{"href":"https:\/\/www.europesays.com\/fr\/wp-json\/wp\/v2\/media?parent=441244"}],"wp:term":[{"taxonomy":"category","embeddable":true,"href":"https:\/\/www.europesays.com\/fr\/wp-json\/wp\/v2\/categories?post=441244"},{"taxonomy":"post_tag","embeddable":true,"href":"https:\/\/www.europesays.com\/fr\/wp-json\/wp\/v2\/tags?post=441244"}],"curies":[{"name":"wp","href":"https:\/\/api.w.org\/{rel}","templated":true}]}}