{"id":441246,"date":"2025-10-05T18:04:14","date_gmt":"2025-10-05T18:04:14","guid":{"rendered":"https:\/\/www.europesays.com\/fr\/441246\/"},"modified":"2025-10-05T18:04:14","modified_gmt":"2025-10-05T18:04:14","slug":"je-nai-jamais-eu-autant-despoir-de-revoir-mon-frere-a-paris-une-marche-pour-la-liberation-des-otages-a-gaza","status":"publish","type":"post","link":"https:\/\/www.europesays.com\/fr\/441246\/","title":{"rendered":"\u00ab\u00a0Je n\u2019ai jamais eu autant d\u2019espoir de revoir mon fr\u00e8re\u00a0\u00bb\u00a0: \u00e0 Paris, une marche pour la lib\u00e9ration des otages \u00e0 Gaza"},"content":{"rendered":"<p class=\"paragraph text_align_left lp-f-body-02\">En t\u00eate de cort\u00e8ge place de la R\u00e9publique \u00e0 Paris, une cinquantaine de motards au guidon de puissantes Harley-Davidson font, de concert, vrombir leur moteur. Tous appartiennent au mouvement hexagonal des \u00ab Bikers Tov \u00bb, deux mots &#8211; l\u2019un en anglais l\u2019autre en h\u00e9breu &#8211; qui signifient les \u00ab Bons motards \u00bb. \u00ab On est fan des Harley et on est juifs \u00bb, pr\u00e9sente \u00ab Mister Dan \u00bb, DJ de 57 ans v\u00eatu d\u2019un blouson en cuir. \u00ab Et on est l\u00e0 pour se faire entendre ! \u00bb, encha\u00eene ce \u00ab David\u2019s son \u00bb, \u00ab fils de David \u00bb.<\/p>\n<p class=\"paragraph text_align_left lp-f-body-02\">Comme lui, plusieurs milliers de manifestants, pour l\u2019essentiel \u00e0 pied, ont fait du bruit ce dimanche apr\u00e8s-midi pour exiger la lib\u00e9ration des 48 otages encore retenus \u00e0 Gaza (dont environ 20 pr\u00e9sum\u00e9s vivants), quasiment deux ans jour pour jour apr\u00e8s l\u2019<a href=\"https:\/\/www.leparisien.fr\/international\/israel\/les-images-les-plus-affreuses-de-nos-vies-heure-par-heure-ils-racontent-lhorreur-du-7-octobre-07-10-2024-WNZPT4QAR5ES7B5FOXALA2RXWE.php\" target=\"_self\" rel=\"nofollow noopener\">attaque terroriste du Hamas<\/a>.<\/p>\n","protected":false},"excerpt":{"rendered":"En t\u00eate de cort\u00e8ge place de la R\u00e9publique \u00e0 Paris, une cinquantaine de motards au guidon de puissantes&hellip;\n","protected":false},"author":2,"featured_media":441247,"comment_status":"","ping_status":"","sticky":false,"template":"","format":"standard","meta":{"footnotes":""},"categories":[1888],"tags":[11,1777,674,1011,27,14,664,56795,12,56794,626,25],"class_list":{"0":"post-441246","1":"post","2":"type-post","3":"status-publish","4":"format-standard","5":"has-post-thumbnail","7":"category-paris","8":"tag-actualites","9":"tag-eu","10":"tag-europe","11":"tag-fr","12":"tag-france","13":"tag-international","14":"tag-israel","15":"tag-marche-tous-7-octobre-paris","16":"tag-news","17":"tag-otages-7-octobre","18":"tag-paris","19":"tag-republique-francaise"},"share_on_mastodon":{"url":"https:\/\/pubeurope.com\/@fr\/115322884215051417","error":""},"_links":{"self":[{"href":"https:\/\/www.europesays.com\/fr\/wp-json\/wp\/v2\/posts\/441246","targetHints":{"allow":["GET"]}}],"collection":[{"href":"https:\/\/www.europesays.com\/fr\/wp-json\/wp\/v2\/posts"}],"about":[{"href":"https:\/\/www.europesays.com\/fr\/wp-json\/wp\/v2\/types\/post"}],"author":[{"embeddable":true,"href":"https:\/\/www.europesays.com\/fr\/wp-json\/wp\/v2\/users\/2"}],"replies":[{"embeddable":true,"href":"https:\/\/www.europesays.com\/fr\/wp-json\/wp\/v2\/comments?post=441246"}],"version-history":[{"count":0,"href":"https:\/\/www.europesays.com\/fr\/wp-json\/wp\/v2\/posts\/441246\/revisions"}],"wp:featuredmedia":[{"embeddable":true,"href":"https:\/\/www.europesays.com\/fr\/wp-json\/wp\/v2\/media\/441247"}],"wp:attachment":[{"href":"https:\/\/www.europesays.com\/fr\/wp-json\/wp\/v2\/media?parent=441246"}],"wp:term":[{"taxonomy":"category","embeddable":true,"href":"https:\/\/www.europesays.com\/fr\/wp-json\/wp\/v2\/categories?post=441246"},{"taxonomy":"post_tag","embeddable":true,"href":"https:\/\/www.europesays.com\/fr\/wp-json\/wp\/v2\/tags?post=441246"}],"curies":[{"name":"wp","href":"https:\/\/api.w.org\/{rel}","templated":true}]}}