{"id":441250,"date":"2025-10-05T18:06:10","date_gmt":"2025-10-05T18:06:10","guid":{"rendered":"https:\/\/www.europesays.com\/fr\/441250\/"},"modified":"2025-10-05T18:06:10","modified_gmt":"2025-10-05T18:06:10","slug":"larmee-polonaise-en-alerte-et-de-plus-en-plus-dukrainiens-sans-electricite","status":"publish","type":"post","link":"https:\/\/www.europesays.com\/fr\/441250\/","title":{"rendered":"L\u2019arm\u00e9e polonaise en alerte et de plus en plus d\u2019Ukrainiens sans \u00e9lectricit\u00e9"},"content":{"rendered":"<p class=\"mb-4 text-lg md:leading-8 break-words\"><strong>recap&rsquo; &#8211; \u00ab 20 Minutes \u00bb fait le point pour vous tous les soirs sur le conflit en Ukraine. Ce dimanche, la Pologne se met en alerte maximum, tandis qu\u2019une partie de l\u2019Ukraine est priv\u00e9e d\u2019\u00e9lectricit\u00e9<\/strong><\/p>\n<p class=\"mb-4 text-lg md:leading-8 break-words\">Vous avez rat\u00e9 les derniers \u00e9v\u00e9nements sur la <a href=\"https:\/\/www.20minutes.fr\/monde\/ukraine\/?at_medium=RSS%20feed&amp;at_campaign=ynews&amp;utm_source=yahoo&amp;utm_medium=rss&amp;utm_campaign=news_feed&amp;utm_content=in_article_link\" rel=\"nofollow noopener\" target=\"_blank\" data-ylk=\"slk:guerre en Ukraine;elm:context_link;itc:0;sec:content-canvas\" class=\"link \">guerre en Ukraine<\/a> ? 20 Minutes fait le point pour vous tous les soirs. Voici l\u2019essentiel de ce dimanche 5 octobre, au 1.320e jour du <a href=\"https:\/\/www.20minutes.fr\/monde\/conflit\/?at_medium=RSS%20feed&amp;at_campaign=ynews&amp;utm_source=yahoo&amp;utm_medium=rss&amp;utm_campaign=news_feed&amp;utm_content=in_article_link\" rel=\"nofollow noopener\" target=\"_blank\" data-ylk=\"slk:conflit;elm:context_link;itc:0;sec:content-canvas\" class=\"link \">conflit<\/a>.<\/p>\n<p>Le fait du jour<\/p>\n<p class=\"mb-4 text-lg md:leading-8 break-words\">Les forces arm\u00e9es de la <a href=\"https:\/\/www.20minutes.fr\/dossier\/pologne?at_medium=RSS%20feed&amp;at_campaign=ynews&amp;utm_source=yahoo&amp;utm_medium=rss&amp;utm_campaign=news_feed&amp;utm_content=in_article_link\" rel=\"nofollow noopener\" target=\"_blank\" data-ylk=\"slk:Pologne;elm:context_link;itc:0;sec:content-canvas\" class=\"link \">Pologne <\/a>ont annonc\u00e9 dimanche sur X le d\u00e9ploiement d\u2019avions et la mise en \u00e9tat d\u2019alerte de d\u00e9fenses au sol pour prot\u00e9ger l\u2019espace a\u00e9rien du pays, notamment dans les r\u00e9gions proches de l\u2019Ukraine. La <a href=\"https:\/\/www.20minutes.fr\/monde\/russie\/?at_medium=RSS%20feed&amp;at_campaign=ynews&amp;utm_source=yahoo&amp;utm_medium=rss&amp;utm_campaign=news_feed&amp;utm_content=in_article_link\" rel=\"nofollow noopener\" target=\"_blank\" data-ylk=\"slk:Russie;elm:context_link;itc:0;sec:content-canvas\" class=\"link \">Russie<\/a> multiplie les attaques, visant notamment les installations \u00e9nerg\u00e9tiques ukrainiennes \u00e0 l\u2019approche de l\u2019hiver. Son arm\u00e9e a men\u00e9 cette semaine son offensive la plus \u00e9tendue contre les infrastructures gazi\u00e8res de l\u2019Ukraine. Des raids qui l\u2019am\u00e8nent parfois \u00e0 s\u2019approcher un poil trop pr\u00e8s de la fronti\u00e8re, aux yeux de <a href=\"https:\/\/www.20minutes.fr\/dossier\/varsovie?at_medium=RSS%20feed&amp;at_campaign=ynews&amp;utm_source=yahoo&amp;utm_medium=rss&amp;utm_campaign=news_feed&amp;utm_content=in_article_link\" rel=\"nofollow noopener\" target=\"_blank\" data-ylk=\"slk:Varsovie;elm:context_link;itc:0;sec:content-canvas\" class=\"link \">Varsovie<\/a>. Traumatisme historique oblige, la Pologne est l\u2019un des pays europ\u00e9ens les plus arm\u00e9s et les plus v\u00e9h\u00e9ments sur la Russie. En septembre, des drones russes avaient d\u00e9j\u00e0 viol\u00e9 l\u2019espace a\u00e9rien polonais.<\/p>\n<p>Le chiffre du jour<\/p>\n<p class=\"mb-4 text-lg md:leading-8 break-words\">73.000 foyers priv\u00e9s de courant \u00e0 Zaporijjia, apr\u00e8s qu\u2019une frappe russe a touch\u00e9 une infrastructure \u00e9lectrique. Plusieurs autres villes, notamment pr\u00e8s du front dans l\u2019Est, ont \u00e9t\u00e9 frapp\u00e9es, faisant plusieurs bless\u00e9s, selon les autorit\u00e9s locales. Selon le pr\u00e9sident ukrainien Volodymyr Zelensky, l\u2019arm\u00e9e russe a frapp\u00e9 le pays avec \u00ab plus de 50 missiles et environ 500 drones d\u2019attaque \u00bb. \u00ab Les Russes ont une fois de plus pris pour cible nos infrastructures \u00bb, a-t-il indiqu\u00e9, demandant une nouvelle fois aux Occidentaux de f(&#8230;)<\/p>\n<p class=\"mb-4 text-lg md:leading-8 break-words\"><a href=\"https:\/\/www.20minutes.fr\/monde\/ukraine\/4177234-20251005-guerre-ukraine-armee-polonaise-alerte-plus-plus-ukrainiens-electricite?at_medium=RSS%20feed&amp;at_campaign=ynews&amp;utm_source=yahoo&amp;utm_medium=rss&amp;utm_campaign=news_feed&amp;utm_content=read_more_link&quot;\" rel=\"nofollow noopener\" target=\"_blank\" data-ylk=\"slk:Lire la suite sur 20minutes;elm:context_link;itc:0;sec:content-canvas\" class=\"link \">Lire la suite sur 20minutes<\/a><\/p>\n<p>\u00c0 lire aussi :<br \/><a href=\"https:\/\/www.20minutes.fr\/monde\/republique_tcheque\/4177181-20251004-tete-legislatives-tcheques-retour-reussi-andrej-babis?at_medium=RSS%20feed&amp;at_campaign=ynews&amp;utm_source=yahoo&amp;utm_medium=rss&amp;utm_campaign=news_feed&amp;utm_content=related_content_link\" rel=\"nofollow noopener\" target=\"_blank\" data-ylk=\"slk:En t\u00eate des l\u00e9gislatives tch\u00e8ques, retour r\u00e9ussi pour Andrej Babis;elm:context_link;itc:0;sec:content-canvas\" class=\"link \">En t\u00eate des l\u00e9gislatives tch\u00e8ques, retour r\u00e9ussi pour Andrej Babis<\/a><br \/><a href=\"https:\/\/www.20minutes.fr\/monde\/ukraine\/4177177-20251004-guerre-ukraine-attaque-drone-russe-fait-moins-mort-trente-blesses?at_medium=RSS%20feed&amp;at_campaign=ynews&amp;utm_source=yahoo&amp;utm_medium=rss&amp;utm_campaign=news_feed&amp;utm_content=related_content_link\" rel=\"nofollow noopener\" target=\"_blank\" data-ylk=\"slk:Guerre en Ukraine : Une attaque de drone russe fait au moins un mort et trente bless\u00e9s;elm:context_link;itc:0;sec:content-canvas\" class=\"link \">Guerre en Ukraine : Une attaque de drone russe fait au moins un mort et trente bless\u00e9s<\/a><\/p>\n","protected":false},"excerpt":{"rendered":"recap&rsquo; &#8211; \u00ab 20 Minutes \u00bb fait le point pour vous tous les soirs sur le conflit en&hellip;\n","protected":false},"author":2,"featured_media":441251,"comment_status":"","ping_status":"","sticky":false,"template":"","format":"standard","meta":{"footnotes":""},"categories":[1590],"tags":[642,11,1777,674,12,220],"class_list":{"0":"post-441250","1":"post","2":"type-post","3":"status-publish","4":"format-standard","5":"has-post-thumbnail","7":"category-ukraine","8":"tag-20-minutes","9":"tag-actualites","10":"tag-eu","11":"tag-europe","12":"tag-news","13":"tag-ukraine"},"share_on_mastodon":{"url":"https:\/\/pubeurope.com\/@fr\/115322892096750389","error":""},"_links":{"self":[{"href":"https:\/\/www.europesays.com\/fr\/wp-json\/wp\/v2\/posts\/441250","targetHints":{"allow":["GET"]}}],"collection":[{"href":"https:\/\/www.europesays.com\/fr\/wp-json\/wp\/v2\/posts"}],"about":[{"href":"https:\/\/www.europesays.com\/fr\/wp-json\/wp\/v2\/types\/post"}],"author":[{"embeddable":true,"href":"https:\/\/www.europesays.com\/fr\/wp-json\/wp\/v2\/users\/2"}],"replies":[{"embeddable":true,"href":"https:\/\/www.europesays.com\/fr\/wp-json\/wp\/v2\/comments?post=441250"}],"version-history":[{"count":0,"href":"https:\/\/www.europesays.com\/fr\/wp-json\/wp\/v2\/posts\/441250\/revisions"}],"wp:featuredmedia":[{"embeddable":true,"href":"https:\/\/www.europesays.com\/fr\/wp-json\/wp\/v2\/media\/441251"}],"wp:attachment":[{"href":"https:\/\/www.europesays.com\/fr\/wp-json\/wp\/v2\/media?parent=441250"}],"wp:term":[{"taxonomy":"category","embeddable":true,"href":"https:\/\/www.europesays.com\/fr\/wp-json\/wp\/v2\/categories?post=441250"},{"taxonomy":"post_tag","embeddable":true,"href":"https:\/\/www.europesays.com\/fr\/wp-json\/wp\/v2\/tags?post=441250"}],"curies":[{"name":"wp","href":"https:\/\/api.w.org\/{rel}","templated":true}]}}