{"id":441252,"date":"2025-10-05T18:07:11","date_gmt":"2025-10-05T18:07:11","guid":{"rendered":"https:\/\/www.europesays.com\/fr\/441252\/"},"modified":"2025-10-05T18:07:11","modified_gmt":"2025-10-05T18:07:11","slug":"des-equipes-venues-des-usa-du-canada-et-de-toute-leurope-pour-le-dragon-boat-festival","status":"publish","type":"post","link":"https:\/\/www.europesays.com\/fr\/441252\/","title":{"rendered":"des \u00e9quipes venues\u00a0des USA, du Canada et de toute l&rsquo;Europe\u00a0pour le\u00a0Dragon boat festival"},"content":{"rendered":"<p>Ces samedi\u00a04 et dimanche 5\u00a0octobre avait lieu, sur le lac d\u2019Annecy, le Dragon boat festival, organis\u00e9 par le Kayak club d\u2019Annecy, Dragon boat attitude et Kayak sans fronti\u00e8res. La base nautique des Marquisats a vu d\u00e9filer 24 \u00e9quipes venues de toute l&rsquo;Europe, mais aussi d&rsquo;outre-Atlantique,\u00a0soit pr\u00e8s de 350 participants. Trois courses ont \u00e9t\u00e9 disput\u00e9es : un contre-la-montre, une course \u00e0 l\u2019australienne et un sprint.<\/p>\n","protected":false},"excerpt":{"rendered":"Ces samedi\u00a04 et dimanche 5\u00a0octobre avait lieu, sur le lac d\u2019Annecy, le Dragon boat festival, organis\u00e9 par le&hellip;\n","protected":false},"author":2,"featured_media":441253,"comment_status":"","ping_status":"","sticky":false,"template":"","format":"standard","meta":{"footnotes":""},"categories":[1589],"tags":[11,3853,3854,1687,3856,73,1866,3326,5325,2798,4638,12,1864,1865,1863,308],"class_list":{"0":"post-441252","1":"post","2":"type-post","3":"status-publish","4":"format-standard","5":"has-post-thumbnail","7":"category-etats-unis","8":"tag-actualites","9":"tag-annecy","10":"tag-annecy-bassin","11":"tag-culture-loisirs","12":"tag-edition-annecy-rumilly-les-aravis","13":"tag-etats-unis","14":"tag-etats-unis-damerique","15":"tag-fete-locale","16":"tag-galerie-media","17":"tag-galerie-photo","18":"tag-haute-savoie","19":"tag-news","20":"tag-united-states","21":"tag-united-states-of-america","22":"tag-us","23":"tag-usa"},"share_on_mastodon":{"url":"https:\/\/pubeurope.com\/@fr\/115322896069017386","error":""},"_links":{"self":[{"href":"https:\/\/www.europesays.com\/fr\/wp-json\/wp\/v2\/posts\/441252","targetHints":{"allow":["GET"]}}],"collection":[{"href":"https:\/\/www.europesays.com\/fr\/wp-json\/wp\/v2\/posts"}],"about":[{"href":"https:\/\/www.europesays.com\/fr\/wp-json\/wp\/v2\/types\/post"}],"author":[{"embeddable":true,"href":"https:\/\/www.europesays.com\/fr\/wp-json\/wp\/v2\/users\/2"}],"replies":[{"embeddable":true,"href":"https:\/\/www.europesays.com\/fr\/wp-json\/wp\/v2\/comments?post=441252"}],"version-history":[{"count":0,"href":"https:\/\/www.europesays.com\/fr\/wp-json\/wp\/v2\/posts\/441252\/revisions"}],"wp:featuredmedia":[{"embeddable":true,"href":"https:\/\/www.europesays.com\/fr\/wp-json\/wp\/v2\/media\/441253"}],"wp:attachment":[{"href":"https:\/\/www.europesays.com\/fr\/wp-json\/wp\/v2\/media?parent=441252"}],"wp:term":[{"taxonomy":"category","embeddable":true,"href":"https:\/\/www.europesays.com\/fr\/wp-json\/wp\/v2\/categories?post=441252"},{"taxonomy":"post_tag","embeddable":true,"href":"https:\/\/www.europesays.com\/fr\/wp-json\/wp\/v2\/tags?post=441252"}],"curies":[{"name":"wp","href":"https:\/\/api.w.org\/{rel}","templated":true}]}}