{"id":441258,"date":"2025-10-05T18:10:12","date_gmt":"2025-10-05T18:10:12","guid":{"rendered":"https:\/\/www.europesays.com\/fr\/441258\/"},"modified":"2025-10-05T18:10:12","modified_gmt":"2025-10-05T18:10:12","slug":"la-tempete-amy-frappe-leurope-et-fait-au-moins-trois-morts","status":"publish","type":"post","link":"https:\/\/www.europesays.com\/fr\/441258\/","title":{"rendered":"La temp\u00eate Amy frappe l&rsquo;Europe et fait au moins trois morts"},"content":{"rendered":"<p>          <img decoding=\"async\" class=\"c-ad__placeholder__logo\" src=\"https:\/\/static.euronews.com\/website\/images\/logos\/logo-euronews-stacked-outlined-72x72-grey-9.svg\" width=\"72\" height=\"72\" alt=\"\" loading=\"lazy\"\/><br \/>\n          PUBLICIT\u00c9<\/p>\n<p>Trois personnes ont \u00e9t\u00e9 tu\u00e9es en Europe ce week-end alors que la temp\u00eate Amy s&rsquo;est d\u00e9cha\u00een\u00e9e sur le continent avec des vents violents et de la pluie, impactant les infrastructures critiques et perturbant l&rsquo;alimentation en \u00e9lectricit\u00e9 de dizaines de milliers de personnes.<\/p>\n<p>Selon les m\u00e9t\u00e9orologues, cette temp\u00eate est n\u00e9e des restes de l\u2019<strong>ouragan Humberto<\/strong>, form\u00e9 il y a une semaine dans l\u2019Atlantique. Une temp\u00eate post-tropicale, moins forte qu&rsquo;un ouragan, mais aux effets bien r\u00e9els.<\/p>\n<p>Les autorit\u00e9s irlandaises ont signal\u00e9 la mort d&rsquo;un homme \u00e0 Letterkenny, dans le nord-ouest de l&rsquo;Irlande, tandis qu&rsquo;en France, au moins deux hommes ont \u00e9t\u00e9 tu\u00e9s par la temp\u00eate, ont indiqu\u00e9 des responsables locaux samedi.<\/p>\n<p>Samedi, les transports routiers, ferroviaires et maritimes ont \u00e9t\u00e9 fortement perturb\u00e9s par la temp\u00eate qui a frapp\u00e9 le Royaume-Uni, l&rsquo;Irlande et la Scandinavie avec de fortes pluies et des vents violents.<\/p>\n<p>Les c\u00e9l\u00e8bres parcs royaux de Londres ont ferm\u00e9 leurs portes alors que l&rsquo;agence m\u00e9t\u00e9orologique britannique Met Office donnait des nouvelles du temps apr\u00e8s avoir enregistr\u00e9 une rafale de 154 km\/h vendredi sur l&rsquo;\u00eele de Tiree, au large de la c\u00f4te ouest de l&rsquo;\u00c9cosse.<\/p>\n<p>Plus de 200 000 foyers en Irlande et en Irlande du Nord ont \u00e9t\u00e9 priv\u00e9es d&rsquo;\u00e9lectricit\u00e9, tandis qu&rsquo;en \u00c9cosse, de nombreux services de ferry ont \u00e9t\u00e9 suspendus et des routes et des voies ferr\u00e9es ont \u00e9t\u00e9 bloqu\u00e9es par des arbres tomb\u00e9s sur les voies de circulations. <\/p>\n<p>Fraser Wilson, de Scottish and Southern Electricity Networks, a d\u00e9clar\u00e9 que les ing\u00e9nieurs s&rsquo;effor\u00e7aient de r\u00e9tablir le courant pour environ 62 000 clients.<\/p>\n<p>En France<\/p>\n<p>Samedi apr\u00e8s-midi, les puissantes rafales de la temp\u00eate Amy, ont incit\u00e9 certaines r\u00e9gions du nord de la France \u00e0 \u00e9mettre une alerte orange.<\/p>\n<p>\u00ab\u00a0La temp\u00eate Amy traverse les \u00eeles britanniques, provoquant de fortes rafales de vent dans les d\u00e9partements proches de la c\u00f4te de la Manche et dans les d\u00e9partements de l&rsquo;int\u00e9rieur du pays\u00a0\u00bb, a d\u00e9clar\u00e9 M\u00e9t\u00e9o France.<\/p>\n<p>La c\u00f4te nord de la France a enregistr\u00e9 ses vents les plus forts depuis le d\u00e9but de la semaine, avec des rafales atteignant 131 kilom\u00e8tres et jusqu&rsquo;\u00e0 110 km\/h \u00e0 l&rsquo;int\u00e9rieur des terres.<\/p>\n<p>La toiture d&rsquo;un maison a \u00e9t\u00e9 emport\u00e9e \u00e0 Hervilly-Montigny, heuresement sans faire de victime. <\/p>\n<p>Selon les autorit\u00e9s fran\u00e7aises, deux hommes \u00e2g\u00e9s de 18 et 48 ans sont all\u00e9s se baigner samedi matin \u00e0 <strong>\u00c9tretat<\/strong>, pr\u00e8s du Havre, malgr\u00e9 le mauvais temps.<\/p>\n<p>L&rsquo;homme le plus \u00e2g\u00e9 n&rsquo;a pas regagn\u00e9 la terre ferme, tandis que plus tard dans l&rsquo;apr\u00e8s-midi, une grosse branche d&rsquo;arbre est tomb\u00e9e sur un v\u00e9hicule qui roulait sur une route du nord de l&rsquo;Aisne, tuant un homme de 25 ans.<\/p>\n<p>Jusqu&rsquo;\u00e0 5 000 foyers normands \u00e9taient priv\u00e9s d&rsquo;\u00e9lectricit\u00e9 samedi matin en raison de la temp\u00eate. Selon le fournisseur d&rsquo;\u00e9lectricit\u00e9 Enedis, ce nombre est tomb\u00e9 \u00e0 2 000 \u00e0 midi, mais depuis, d&rsquo;autres coupures ont \u00e9t\u00e9 signal\u00e9es.<\/p>\n<p>En Belgique<\/p>\n<p>En Belgique, Amy a \u00e9galement \u00e9t\u00e9 clairement ressentie, causant quelques d\u00e9g\u00e2ts avec des vents violents atteignant des vitesses de plus de 100 km\/h. En cons\u00e9quence, les autorit\u00e9s ont d\u00e9clar\u00e9 une alerte orange pour l&rsquo;ensemble du pays.<\/p>\n<p>Par mesure de pr\u00e9caution, les brise-lames d&rsquo;Ostende seront ferm\u00e9s pendant tout le week-end, ont indiqu\u00e9 les autorit\u00e9s, qui ont \u00e9galement annonc\u00e9 l&rsquo;activation du num\u00e9ro de t\u00e9l\u00e9phone 1722 pour les demandes d&rsquo;assistance non urgentes de la part des pompiers.<\/p>\n<p>Amy a \u00e9galement fait des ravages en Su\u00e8de, au Danemark et en Norv\u00e8ge de la fin de la journ\u00e9e de vendredi \u00e0 celle de samedi. Des dizaines de milliers de foyers ont \u00e9t\u00e9 priv\u00e9s d&rsquo;\u00e9lectricit\u00e9 en raison des fortes rafales qui ont fait tomber des arbres et des lignes \u00e9lectriques dans toute la Scandinavie, alors que de fortes pluies et des <strong>ondes de temp\u00eate<\/strong> ont frapp\u00e9 les zones c\u00f4ti\u00e8res.<\/p>\n<p>En Norv\u00e8ge<\/p>\n<p>Des toits de maisons ont \u00e9t\u00e9 arrach\u00e9s, des arbres sont tomb\u00e9s et plus d&rsquo;une centaine de routes ont \u00e9t\u00e9 ferm\u00e9es en Norv\u00e8ge, o\u00f9 l&rsquo;on s&rsquo;attend d\u00e9sormais \u00e0 des pr\u00e9cipitations extr\u00eames.<\/p>\n<p>Jusqu&rsquo;\u00e0 pr\u00e9sent, c&rsquo;est l&rsquo;ouest de la Norv\u00e8ge qui a \u00e9t\u00e9 le plus touch\u00e9 par la temp\u00eate, provoquant une centaine de fermetures de routes dans la r\u00e9gion depuis samedi matin.<\/p>\n<p>Les responsables des services d&rsquo;urgence ont d\u00e9clar\u00e9 qu&rsquo;ils s&rsquo;attendaient \u00e0 ce que la c\u00f4te de Vestfold subisse les vents les plus violents avant que la temp\u00eate ne se calme. Le vent continuera de souffler fort dans le Tr\u00f8ndelag, le M\u00f8re og Romsdal et le Nordland tout au long de la journ\u00e9e. Dans certaines parties du Vestfold et du Telemark, on s&rsquo;attend \u00e0 ce que \u00ab\u00a0Amy\u00a0\u00bb apporte jusqu&rsquo;\u00e0 100 millim\u00e8tres de pluie en douze heures.<\/p>\n<p>Samedi matin, environ 120 000 foyers \u00e9taient priv\u00e9s d&rsquo;\u00e9lectricit\u00e9 dans le Tr\u00f8ndelag, l&rsquo;Agder et le Vestland, selon un d\u00e9compte de la compagnie d&rsquo;\u00e9lectricit\u00e9 NRK.<\/p>\n<p>En Su\u00e8de<\/p>\n<p>Des vents violents et de fortes pluies ont \u00e9t\u00e9 enregistr\u00e9s samedi dans le sud et le centre de la Su\u00e8de. L&rsquo;Institut m\u00e9t\u00e9orologique et hydrologique su\u00e9dois (SMHI) a \u00e9mis des alertes orange pour la c\u00f4te ouest, la c\u00f4te sud de Sk\u00e5ne et la r\u00e9gion du Skagerrak.<\/p>\n<p>Au large de la c\u00f4te nord de Halland, des rafales de la force d&rsquo;un ouragan ont d\u00e9j\u00e0 \u00e9t\u00e9 enregistr\u00e9es. En outre, plusieurs avertissements jaunes sont en place pour une grande partie du pays.<\/p>\n<p>Les temp\u00eates susceptibles de provoquer de graves perturbations ou des d\u00e9g\u00e2ts sont d\u00e9sign\u00e9es conjointement par les agences m\u00e9t\u00e9orologiques britannique, irlandaise et n\u00e9erlandaise. Celle-ci, la premi\u00e8re de la saison, est la temp\u00eate Amy.<\/p>\n","protected":false},"excerpt":{"rendered":"PUBLICIT\u00c9 Trois personnes ont \u00e9t\u00e9 tu\u00e9es en Europe ce week-end alors que la temp\u00eate Amy s&rsquo;est d\u00e9cha\u00een\u00e9e sur&hellip;\n","protected":false},"author":2,"featured_media":441259,"comment_status":"","ping_status":"","sticky":false,"template":"","format":"standard","meta":{"footnotes":""},"categories":[1586],"tags":[11,1777,674,1011,27,12,673,25,473,7199,7747],"class_list":{"0":"post-441258","1":"post","2":"type-post","3":"status-publish","4":"format-standard","5":"has-post-thumbnail","7":"category-europe","8":"tag-actualites","9":"tag-eu","10":"tag-europe","11":"tag-fr","12":"tag-france","13":"tag-news","14":"tag-norvege","15":"tag-republique-francaise","16":"tag-royaume-uni","17":"tag-suede","18":"tag-tempete"},"share_on_mastodon":{"url":"https:\/\/pubeurope.com\/@fr\/115322908625734062","error":""},"_links":{"self":[{"href":"https:\/\/www.europesays.com\/fr\/wp-json\/wp\/v2\/posts\/441258","targetHints":{"allow":["GET"]}}],"collection":[{"href":"https:\/\/www.europesays.com\/fr\/wp-json\/wp\/v2\/posts"}],"about":[{"href":"https:\/\/www.europesays.com\/fr\/wp-json\/wp\/v2\/types\/post"}],"author":[{"embeddable":true,"href":"https:\/\/www.europesays.com\/fr\/wp-json\/wp\/v2\/users\/2"}],"replies":[{"embeddable":true,"href":"https:\/\/www.europesays.com\/fr\/wp-json\/wp\/v2\/comments?post=441258"}],"version-history":[{"count":0,"href":"https:\/\/www.europesays.com\/fr\/wp-json\/wp\/v2\/posts\/441258\/revisions"}],"wp:featuredmedia":[{"embeddable":true,"href":"https:\/\/www.europesays.com\/fr\/wp-json\/wp\/v2\/media\/441259"}],"wp:attachment":[{"href":"https:\/\/www.europesays.com\/fr\/wp-json\/wp\/v2\/media?parent=441258"}],"wp:term":[{"taxonomy":"category","embeddable":true,"href":"https:\/\/www.europesays.com\/fr\/wp-json\/wp\/v2\/categories?post=441258"},{"taxonomy":"post_tag","embeddable":true,"href":"https:\/\/www.europesays.com\/fr\/wp-json\/wp\/v2\/tags?post=441258"}],"curies":[{"name":"wp","href":"https:\/\/api.w.org\/{rel}","templated":true}]}}