{"id":441273,"date":"2025-10-05T18:22:21","date_gmt":"2025-10-05T18:22:21","guid":{"rendered":"https:\/\/www.europesays.com\/fr\/441273\/"},"modified":"2025-10-05T18:22:21","modified_gmt":"2025-10-05T18:22:21","slug":"cyclisme-transfert-ef-education-easypost-recrute-le-mathieu-van-der-poel-italien","status":"publish","type":"post","link":"https:\/\/www.europesays.com\/fr\/441273\/","title":{"rendered":"Cyclisme. Transfert &#8211; EF Education-EasyPost recrute le \u00abMathieu van der Poel italien\u00bb"},"content":{"rendered":"<p>\u00c0 seulement 18 ans, <strong>Mattia Agostinacchio<\/strong> franchit d\u00e9j\u00e0 un cap. Le champion du monde junior de cyclo-cross a sign\u00e9 un contrat de longue dur\u00e9e avec <strong>EF Education-EasyPost<\/strong>&#8230; sans m\u00eame passer par la cat\u00e9gorie Espoirs. Il int\u00e9grera officiellement le WorldTeam en janvier 2026, mais portera d\u00e8s cette saison le maillot de la formation am\u00e9ricaine, engag\u00e9e dans un nouveau projet en cyclo-cross.<\/p>\n<p>Vid\u00e9o &#8211; Agostinacchio, champion du monde Juniors de cyclo-cross Lire la suite de l&rsquo;article&#13;<\/p>\n<p>\u00a0<\/p>\n<p>&#13;<br \/>\nLe nouveau Mathieu&#13;<\/p>\n<p>Polyvalent, pass\u00e9 du VTT \u00e0 la route, l\u2019Italien est souvent compar\u00e9 \u00e0 <strong>Mathieu van der Poel<\/strong>. \u00ab\u00a0Beaucoup de gens disent que je lui ressemble, mais je ne le pense pas vraiment. Si je pouvais atteindre son niveau, ce serait incroyable\u00a0\u00bb, confie-t-il.<\/p>\n<p>&#13;<\/p>\n<p>Le manager g\u00e9n\u00e9ral d&rsquo;<strong>EF Education-EasyPost<\/strong>,\u00a0<strong>Jonathan Vaughters<\/strong>, impressionn\u00e9 par sa maturit\u00e9 et son potentiel, entend toutefois le laisser progresser sans pression : \u00ab\u00a0Il rejoindra le WorldTeam, mais continuera aussi \u00e0 courir chez les espoirs. On lui donnera quelques opportunit\u00e9s en WorldTour, simplement pour apprendre.\u00a0\u00bb<\/p>\n","protected":false},"excerpt":{"rendered":"\u00c0 seulement 18 ans, Mattia Agostinacchio franchit d\u00e9j\u00e0 un cap. Le champion du monde junior de cyclo-cross a&hellip;\n","protected":false},"author":2,"featured_media":441274,"comment_status":"","ping_status":"","sticky":false,"template":"","format":"standard","meta":{"footnotes":""},"categories":[1411],"tags":[1154,207,211,1011,27,209,60,210,969,212,208,213],"class_list":{"0":"post-441273","1":"post","2":"type-post","3":"status-publish","4":"format-standard","5":"has-post-thumbnail","7":"category-cyclisme","8":"tag-cycling","9":"tag-cyclisme","10":"tag-ffc","11":"tag-fr","12":"tag-france","13":"tag-route","14":"tag-sports","15":"tag-tour-de-france","16":"tag-transfert","17":"tag-uci","18":"tag-velo","19":"tag-world-tour"},"share_on_mastodon":{"url":"https:\/\/pubeurope.com\/@fr\/115322955011275593","error":""},"_links":{"self":[{"href":"https:\/\/www.europesays.com\/fr\/wp-json\/wp\/v2\/posts\/441273","targetHints":{"allow":["GET"]}}],"collection":[{"href":"https:\/\/www.europesays.com\/fr\/wp-json\/wp\/v2\/posts"}],"about":[{"href":"https:\/\/www.europesays.com\/fr\/wp-json\/wp\/v2\/types\/post"}],"author":[{"embeddable":true,"href":"https:\/\/www.europesays.com\/fr\/wp-json\/wp\/v2\/users\/2"}],"replies":[{"embeddable":true,"href":"https:\/\/www.europesays.com\/fr\/wp-json\/wp\/v2\/comments?post=441273"}],"version-history":[{"count":0,"href":"https:\/\/www.europesays.com\/fr\/wp-json\/wp\/v2\/posts\/441273\/revisions"}],"wp:featuredmedia":[{"embeddable":true,"href":"https:\/\/www.europesays.com\/fr\/wp-json\/wp\/v2\/media\/441274"}],"wp:attachment":[{"href":"https:\/\/www.europesays.com\/fr\/wp-json\/wp\/v2\/media?parent=441273"}],"wp:term":[{"taxonomy":"category","embeddable":true,"href":"https:\/\/www.europesays.com\/fr\/wp-json\/wp\/v2\/categories?post=441273"},{"taxonomy":"post_tag","embeddable":true,"href":"https:\/\/www.europesays.com\/fr\/wp-json\/wp\/v2\/tags?post=441273"}],"curies":[{"name":"wp","href":"https:\/\/api.w.org\/{rel}","templated":true}]}}