{"id":441275,"date":"2025-10-05T18:23:21","date_gmt":"2025-10-05T18:23:21","guid":{"rendered":"https:\/\/www.europesays.com\/fr\/441275\/"},"modified":"2025-10-05T18:23:21","modified_gmt":"2025-10-05T18:23:21","slug":"entrainement-prochain-rendez-vous-ce-samedi-a-montpellier-asse","status":"publish","type":"post","link":"https:\/\/www.europesays.com\/fr\/441275\/","title":{"rendered":"Entra\u00eenement : Prochain rendez-vous ce samedi \u00e0 Montpellier ! &#8211; ASSE"},"content":{"rendered":"<ol>\n<li><a href=\"https:\/\/news.google.com\/rss\/articles\/CBMijAFBVV95cUxQV3VPblBIV0syTE9SSlhNYi03Zml0bGZ2WkZvTmhoR1RWa25ieXR6QlNjSGFQU3hZQnJtNkJGbEtqQjZyLTZQOFJjelFsNVEyX0RISGc2anN6dkt3SW85YUs3dnY4U1NSOFpZUUpLRVU2eFE3V1lxdHhXbVpOUGtySXlqNmw4SDRKZEFMNg?oc=5\" target=\"_blank\" rel=\"nofollow noopener\">Entra\u00eenement : Prochain rendez-vous ce samedi \u00e0 Montpellier !<\/a>&nbsp;&nbsp;ASSE<\/li>\n<li><a href=\"https:\/\/news.google.com\/rss\/articles\/CBMilwFBVV95cUxPYkJPR1NtcjF4MmRFX2k1XzVRUTBDV200ejBaZFppQXkyQlVLYUM3V3daWDJmam91UUVzYUF3cGVOR01YS2p3eFg0MGlWc0ZhZ1NndDV3b3ppZ1YwV05jZVppVVdZWkVEMjk4YW1IUDE3dS1tdk1QRXRGbzRHbi14cWZKeWxJLVZ2X1VKWkpwSnIzR1A2d01B?oc=5\" target=\"_blank\" rel=\"nofollow noopener\">#MHSCASSE : Eirik Horneland : \u00ab\u00a0L&rsquo;\u00e9tat d&rsquo;esprit a \u00e9t\u00e9 au rendez-vous !\u00a0\u00bb<\/a>&nbsp;&nbsp;ASSE<\/li>\n<li><a href=\"https:\/\/news.google.com\/rss\/articles\/CBMirgFBVV95cUxOSk42bHZKRE15blpnZGdrUHk5MkkwTUxIRlN4UEROTHc4OHZrUkJURlNSZkxiUXdyTVJGRTZuWUtmQzBsMHp0aFktVjh4ZDQxWlVNelp2dmFXNFBYNHJjSmlqVWE1UnB0YkF4QlhlSFBXWi00ZGZyQTg0cGZJaTN5djVhN0dMZTB1UmJ5a1R4SFhXZG9xdnpHQTBqemVTTVlUS0pqZ21ERjlOc3BQeUE?oc=5\" target=\"_blank\" rel=\"nofollow noopener\">Football. La chronique de Patrick Guillou apr\u00e8s Montpellier-ASSE : \u00ab Potos carr\u00e9s \u00bb<\/a>&nbsp;&nbsp;Le Progr\u00e8s<\/li>\n<li><a href=\"https:\/\/news.google.com\/rss\/articles\/CBMi-gFBVV95cUxNaURNYVU2UDdIOWdsVW1CcjhId204UXVTR2JIQ2o4a1ZFTWVWa0xqQUFWNmgzMU1sdHloT3hzQUQ2UU5mcURxLVl2WnhXQk5OTUJQMHRqY0ZmQmVaaHJhd0FMQmN3ZXp2NkpCbnB5ZGFobDNEUDg0a2dGZFNiWU05MWVncG5xbW1DVm1kVGZaeHFoN3Fkc0xodDJzaW5TaDZzLXFQSUJpd01DZTI3VlUyUHdUZGtmVmhsWng5RUJQb2xSZ0NQZThEcS10N294d0RmOWMzNWdDTC1kbHpnMG1kdGxtZVo1U2s0OWxSMEFtMHV3R1hEVkpwSEZ3?oc=5\" target=\"_blank\" rel=\"nofollow noopener\">MHSC-Saint-Etienne : \u00ab\u00a0Des regrets \u00e9videmment\u00a0\u00bb, \u00ab\u00a0dans cette reconstruction, on avance\u00a0\u00bb, affirme Zoumana Camara malgr\u00e9 le revers<\/a>&nbsp;&nbsp;Midi Libre<\/li>\n<li><a href=\"https:\/\/news.google.com\/rss\/articles\/CBMizAFBVV95cUxNeGdmTHNHb1ZiWHlJZFNVS1FESVRIZjBUcGw5elozaGZnYmZMLTBsWXBxTXAwQVZGekFCWS0wOVFTWElJXzN4M0VZcVAya3dOc3pLY04zc1hvQ2ZwdG1yd1ZhYXhLNUttODdscDJNUFppYk81Nk1FS0VVVVZhNWpTQkNmeUxvb1ZIOW5qSDBNUU1IakxrYnQ4amx5ZGRNVTBRZHNqbFJFV2YxejJDakptOTlYR1BZbUo1TjZ5MFEzZklBeXI0WGltNFRlQy3SAcsBQVVfeXFMT1ZyMzVOUjVCNFEzV3Bibm55NXUtZll6dVdoUEE1ME1GRTlGc1k3ZlpWR0FLYU9XNG00Q05FTkpHN25aY1VmMzNBblFHVE45OHpSek1BWnVOeU5DRzF2QXZQS0I5LV9jOVBZMHFVQ1BXZ0dpTm90LV9WTTBUZF9sazItX2NfcVZwMV9IcWo4OGNFWjdQZllPcDhVazRkYmNqb1FZUk1vS3F2MFJ6Y3NBVW42ZVVmWjRNeGxENEpoSXUtQmRXVkdHWUhXbDg?oc=5\" target=\"_blank\" rel=\"nofollow noopener\">Ligue 2 (J9) : Un doubl\u00e9 de Davitashvili offre le succ\u00e8s aux Verts<\/a>&nbsp;&nbsp;Orange Actualit\u00e9s | Sports<\/li>\n<\/ol>\n","protected":false},"excerpt":{"rendered":"Entra\u00eenement : Prochain rendez-vous ce samedi \u00e0 Montpellier !&nbsp;&nbsp;ASSE #MHSCASSE : Eirik Horneland : \u00ab\u00a0L&rsquo;\u00e9tat d&rsquo;esprit a \u00e9t\u00e9&hellip;\n","protected":false},"author":2,"featured_media":441276,"comment_status":"","ping_status":"","sticky":false,"template":"","format":"standard","meta":{"footnotes":""},"categories":[1410],"tags":[63,1011,27,60],"class_list":{"0":"post-441275","1":"post","2":"type-post","3":"status-publish","4":"format-standard","5":"has-post-thumbnail","7":"category-football","8":"tag-football","9":"tag-fr","10":"tag-france","11":"tag-sports"},"share_on_mastodon":{"url":"https:\/\/pubeurope.com\/@fr\/115322959067620135","error":""},"_links":{"self":[{"href":"https:\/\/www.europesays.com\/fr\/wp-json\/wp\/v2\/posts\/441275","targetHints":{"allow":["GET"]}}],"collection":[{"href":"https:\/\/www.europesays.com\/fr\/wp-json\/wp\/v2\/posts"}],"about":[{"href":"https:\/\/www.europesays.com\/fr\/wp-json\/wp\/v2\/types\/post"}],"author":[{"embeddable":true,"href":"https:\/\/www.europesays.com\/fr\/wp-json\/wp\/v2\/users\/2"}],"replies":[{"embeddable":true,"href":"https:\/\/www.europesays.com\/fr\/wp-json\/wp\/v2\/comments?post=441275"}],"version-history":[{"count":0,"href":"https:\/\/www.europesays.com\/fr\/wp-json\/wp\/v2\/posts\/441275\/revisions"}],"wp:featuredmedia":[{"embeddable":true,"href":"https:\/\/www.europesays.com\/fr\/wp-json\/wp\/v2\/media\/441276"}],"wp:attachment":[{"href":"https:\/\/www.europesays.com\/fr\/wp-json\/wp\/v2\/media?parent=441275"}],"wp:term":[{"taxonomy":"category","embeddable":true,"href":"https:\/\/www.europesays.com\/fr\/wp-json\/wp\/v2\/categories?post=441275"},{"taxonomy":"post_tag","embeddable":true,"href":"https:\/\/www.europesays.com\/fr\/wp-json\/wp\/v2\/tags?post=441275"}],"curies":[{"name":"wp","href":"https:\/\/api.w.org\/{rel}","templated":true}]}}