{"id":441277,"date":"2025-10-05T18:24:25","date_gmt":"2025-10-05T18:24:25","guid":{"rendered":"https:\/\/www.europesays.com\/fr\/441277\/"},"modified":"2025-10-05T18:24:25","modified_gmt":"2025-10-05T18:24:25","slug":"metz-savez-vous-quel-metier-voulait-exercer-ce-celebre-chanteur","status":"publish","type":"post","link":"https:\/\/www.europesays.com\/fr\/441277\/","title":{"rendered":"Metz. Savez-vous quel m\u00e9tier voulait exercer ce c\u00e9l\u00e8bre chanteur\u00a0?"},"content":{"rendered":"<p>L\u2019anecdote est d\u00e9voil\u00e9e par <a href=\"https:\/\/www.republicain-lorrain.fr\/videos\/fim-2025-decouvrez-a-quel-artiste-appartenait-l-objet-dont-est-le-plus-fier-le-chroniqueur-tele-fabien-lecoeuvre-3qr8k0u\" target=\"_blank\" rel=\"noopener\">Fabien Lec\u0153uvre<\/a>, dimanche 28\u00a0septembre en matin\u00e9e, \u00e0 une poign\u00e9e de visiteurs de la 90e Foire internationale de Metz. Le collectionneur et chroniqueur t\u00e9l\u00e9 parisien marque une pause devant la vitrine o\u00f9 se trouve une affiche de 1946 de Charles Trenet, le c\u00e9l\u00e8bre artiste de vari\u00e9t\u00e9. Le temps d\u2019expliquer pourquoi le document plac\u00e9 juste en dessous s\u2019av\u00e8re \u00ab\u00a0exceptionnel\u00a0\u00bb parmi les pi\u00e8ces de son exposition <a href=\"https:\/\/www.republicain-lorrain.fr\/videos\/chanson-francaise-a-la-foire-internationale-de-metz-des-objets-rares-a-decouvrir-3q50m33\" target=\"_blank\" rel=\"noopener\">\u00ab\u00a090 ans de chansons fran\u00e7aises\u00a0\u00bb<\/a>, visible jusqu\u2019au 6\u00a0octobre dans l\u2019un des halls de l\u2019\u00e9v\u00e9nement, rue de la Grange-aux-Bois.<\/p>\n<p>  Un manuscrit original<\/p>\n<p>\u00ab\u00a0Charles Trenet, fils de notaire, ne faisait pas grand-chose \u00e0 l\u2019\u00e9cole\u00a0\u00bb, conte <a href=\"https:\/\/www.republicain-lorrain.fr\/culture-loisirs\/2025\/09\/28\/chansons-francaises-fabien-lecoeuvre-guide-d-un-jour-a-la-fim\" target=\"_blank\" rel=\"noopener\">le guide du jour<\/a>, mais il avait une id\u00e9e de la carri\u00e8re qu\u2019il voulait embrasser. \u00ab\u00a0Le 24\u00a0janvier 1933\u00a0\u00bb, celui qui n\u2019est pas encore connu passe donc l\u2019examen d\u2019entr\u00e9e \u00e0 l\u2019\u00e9cole qui pourrait le former \u00e0 ce m\u00e9tier aussi passionnant qu\u2019exigeant qui l\u2019int\u00e9resse alors\u00a0: journaliste. \u00ab\u00a0Le sujet est une question\u00a0: \u201cQuel est votre destin\u00a0?\u201d Dans son devoir de composition, il \u00e9crit qu\u2019il r\u00eave que les animaux parlent et qu\u2019il aimerait \u00eatre artiste pour donner du r\u00eave aux gens\u00a0\u00bb, r\u00e9sume Fabien Lec\u0153uvre en d\u00e9signant le manuscrit original.<\/p>\n<p>Ce contenu est bloqu\u00e9 car vous n&rsquo;avez pas accept\u00e9 les cookies et autres traceurs.<\/p>\n<p>En cliquant sur \u00ab J\u2019accepte \u00bb, les cookies et autres traceurs seront d\u00e9pos\u00e9s et vous pourrez visualiser les contenus  (<a href=\"\" class=\"consentModule_policy\" target=\"_blank\" title=\"Consulter la politique de protection des donn\u00e9es du fournisseur\">plus d&rsquo;informations<\/a>).<\/p>\n<p>En cliquant sur \u00ab J\u2019accepte tous les cookies \u00bb, vous autorisez des d\u00e9p\u00f4ts de cookies et autres traceurs pour le stockage de vos donn\u00e9es sur nos sites et applications \u00e0 des fins de personnalisation et de ciblage publicitaire.<\/p>\n<p class=\"consentModule_secondaryText\">Vous gardez la possibilit\u00e9 de retirer votre consentement \u00e0 tout moment en consultant notre <a href=\"https:\/\/www.republicain-lorrain.fr\/protection-des-donnees\" target=\"_blank\" title=\"Consulter notre politique de protection des donn\u00e9es\" rel=\"noopener\">politique de protection des donn\u00e9es<\/a>. <br \/>&#13;<br \/>\n            <a href=\"https:\/\/www.republicain-lorrain.fr\/culture-loisirs\/2025\/09\/30\/javascript:Didomi.notice.show()\" class=\"consentModule_cmp\" target=\"_blank\" rel=\"noopener\">G\u00e9rer mes choix<\/a>&#13;\n        <\/p>\n<p>&#13;<br \/>\n                        J&rsquo;accepte&#13;<br \/>\n            J&rsquo;accepte tous les cookies&#13;\n        <\/p>\n<p>  Recal\u00e9 au concours d\u2019entr\u00e9e<\/p>\n<p>\u00ab\u00a0\u00c9videmment, Charles Trenet sera recal\u00e9 et ne deviendra pas journaliste comme il l\u2019esp\u00e9rait\u00a0\u00bb, sourit l\u2019expert musical. Trop de fantaisie dans la copie sans doute, alors que le journalisme se base sur une r\u00e9alit\u00e9 tangible et des faits v\u00e9rifi\u00e9s. \u00ab\u00a0En 1937, il \u00e9crira Y a d\u2019la joie pour Maurice Chevalier avant de la chanter lui-m\u00eame. \u00c0 l\u2019\u00e9poque, il faisait de la r\u00e9clame \u00e0 la radio. La suite, on la conna\u00eet\u00a0!\u00a0\u00bb Le po\u00e8te lyrique deviendra un artiste de vari\u00e9t\u00e9s c\u00e9l\u00e9br\u00e9 dans le monde entier.<\/p>\n<p class=\"componentDescription\">\u201cLe savez-vous ? Metz\u201d s\u2019\u00e9coute aussi en podcast<\/p>\n<p>Ce contenu est bloqu\u00e9 car vous n&rsquo;avez pas accept\u00e9 les cookies et autres traceurs.<\/p>\n<p>En cliquant sur \u00ab J\u2019accepte \u00bb, les cookies et autres traceurs seront d\u00e9pos\u00e9s et vous pourrez visualiser les contenus Acast (<a href=\"\" class=\"consentModule_policy\" target=\"_blank\" title=\"Consulter la politique de protection des donn\u00e9es du fournisseur\">plus d&rsquo;informations<\/a>).<\/p>\n<p>En cliquant sur \u00ab J\u2019accepte tous les cookies \u00bb, vous autorisez des d\u00e9p\u00f4ts de cookies et autres traceurs pour le stockage de vos donn\u00e9es sur nos sites et applications \u00e0 des fins de personnalisation et de ciblage publicitaire.<\/p>\n<p class=\"consentModule_secondaryText\">&#13;<br \/>\n                Vous gardez la possibilit\u00e9 de retirer votre consentement \u00e0 tout moment en consultant notre <a href=\"https:\/\/www.republicain-lorrain.fr\/protection-des-donnees\" target=\"_blank\" title=\"Consulter notre politique de protection des donn\u00e9es\" rel=\"noopener\">politique de protection des donn\u00e9es<\/a>. <br \/>&#13;<br \/>\n                <a href=\"https:\/\/www.republicain-lorrain.fr\/culture-loisirs\/2025\/09\/30\/javascript:Didomi.notice.show()\" class=\"consentModule_cmp\" target=\"_blank\" rel=\"noopener\">G\u00e9rer mes choix<\/a>&#13;\n            <\/p>\n<p>&#13;<br \/>\n                                J&rsquo;accepte&#13;<br \/>\n                J&rsquo;accepte tous les cookies&#13;\n            <\/p>\n","protected":false},"excerpt":{"rendered":"L\u2019anecdote est d\u00e9voil\u00e9e par Fabien Lec\u0153uvre, dimanche 28\u00a0septembre en matin\u00e9e, \u00e0 une poign\u00e9e de visiteurs de la 90e&hellip;\n","protected":false},"author":2,"featured_media":441278,"comment_status":"","ping_status":"","sticky":false,"template":"","format":"standard","meta":{"footnotes":""},"categories":[1359],"tags":[1477,4406,1687,58,33,5598,59,2271,1685,1011,27,1757,6212,6213,873,973],"class_list":{"0":"post-441277","1":"post","2":"type-post","3":"status-publish","4":"format-standard","5":"has-post-thumbnail","7":"category-people","8":"tag-artisanat","9":"tag-commerce-et-services","10":"tag-culture-loisirs","11":"tag-divertissement","12":"tag-economie","13":"tag-edition-metz-et-agglomeration","14":"tag-entertainment","15":"tag-exposition-arts-plastiques","16":"tag-foire-et-salon","17":"tag-fr","18":"tag-france","19":"tag-insolite","20":"tag-metz","21":"tag-metz-ville-57b","22":"tag-musique","23":"tag-people"},"share_on_mastodon":{"url":"https:\/\/pubeurope.com\/@fr\/115322962763212545","error":""},"_links":{"self":[{"href":"https:\/\/www.europesays.com\/fr\/wp-json\/wp\/v2\/posts\/441277","targetHints":{"allow":["GET"]}}],"collection":[{"href":"https:\/\/www.europesays.com\/fr\/wp-json\/wp\/v2\/posts"}],"about":[{"href":"https:\/\/www.europesays.com\/fr\/wp-json\/wp\/v2\/types\/post"}],"author":[{"embeddable":true,"href":"https:\/\/www.europesays.com\/fr\/wp-json\/wp\/v2\/users\/2"}],"replies":[{"embeddable":true,"href":"https:\/\/www.europesays.com\/fr\/wp-json\/wp\/v2\/comments?post=441277"}],"version-history":[{"count":0,"href":"https:\/\/www.europesays.com\/fr\/wp-json\/wp\/v2\/posts\/441277\/revisions"}],"wp:featuredmedia":[{"embeddable":true,"href":"https:\/\/www.europesays.com\/fr\/wp-json\/wp\/v2\/media\/441278"}],"wp:attachment":[{"href":"https:\/\/www.europesays.com\/fr\/wp-json\/wp\/v2\/media?parent=441277"}],"wp:term":[{"taxonomy":"category","embeddable":true,"href":"https:\/\/www.europesays.com\/fr\/wp-json\/wp\/v2\/categories?post=441277"},{"taxonomy":"post_tag","embeddable":true,"href":"https:\/\/www.europesays.com\/fr\/wp-json\/wp\/v2\/tags?post=441277"}],"curies":[{"name":"wp","href":"https:\/\/api.w.org\/{rel}","templated":true}]}}