{"id":441279,"date":"2025-10-05T18:26:11","date_gmt":"2025-10-05T18:26:11","guid":{"rendered":"https:\/\/www.europesays.com\/fr\/441279\/"},"modified":"2025-10-05T18:26:11","modified_gmt":"2025-10-05T18:26:11","slug":"succes-populaire-pour-la-18e-edition-du-salon-du-livre-entre-passion-et-bonnes-affaires","status":"publish","type":"post","link":"https:\/\/www.europesays.com\/fr\/441279\/","title":{"rendered":"succ\u00e8s populaire pour la 18e \u00e9dition du Salon du livre entre passion et bonnes affaires"},"content":{"rendered":"<p>Le Salon du livre de Phalsbourg a une nouvelle fois s\u00e9duit petits et grands pour sa 18e \u00e9dition, ce dimanche 5 octobre. Les all\u00e9es sont rest\u00e9es anim\u00e9es toute la journ\u00e9e entre stands de livres neufs, occasions \u00e0 prix doux et gourmandises maison. Familles, passionn\u00e9s de lecture et professionnels du livre se sont crois\u00e9s dans une ambiance chaleureuse. Parmi eux, deux relieuses ont partag\u00e9 leur savoir-faire entre tradition et cr\u00e9ation contemporaine. Une belle \u00e9dition plac\u00e9e sous le signe de la transmission, de la passion et de la d\u00e9couverte.<\/p>\n","protected":false},"excerpt":{"rendered":"Le Salon du livre de Phalsbourg a une nouvelle fois s\u00e9duit petits et grands pour sa 18e \u00e9dition,&hellip;\n","protected":false},"author":2,"featured_media":441280,"comment_status":"","ping_status":"","sticky":false,"template":"","format":"standard","meta":{"footnotes":""},"categories":[1357],"tags":[1379,58,5327,59,1011,27,5325,2798,1380,2410,30238],"class_list":{"0":"post-441279","1":"post","2":"type-post","3":"status-publish","4":"format-standard","5":"has-post-thumbnail","7":"category-livres","8":"tag-books","9":"tag-divertissement","10":"tag-edition-sarrebourg-chateau-salins","11":"tag-entertainment","12":"tag-fr","13":"tag-france","14":"tag-galerie-media","15":"tag-galerie-photo","16":"tag-livres","17":"tag-livres-bd","18":"tag-phalsbourg"},"share_on_mastodon":{"url":"https:\/\/pubeurope.com\/@fr\/115322970821390821","error":""},"_links":{"self":[{"href":"https:\/\/www.europesays.com\/fr\/wp-json\/wp\/v2\/posts\/441279","targetHints":{"allow":["GET"]}}],"collection":[{"href":"https:\/\/www.europesays.com\/fr\/wp-json\/wp\/v2\/posts"}],"about":[{"href":"https:\/\/www.europesays.com\/fr\/wp-json\/wp\/v2\/types\/post"}],"author":[{"embeddable":true,"href":"https:\/\/www.europesays.com\/fr\/wp-json\/wp\/v2\/users\/2"}],"replies":[{"embeddable":true,"href":"https:\/\/www.europesays.com\/fr\/wp-json\/wp\/v2\/comments?post=441279"}],"version-history":[{"count":0,"href":"https:\/\/www.europesays.com\/fr\/wp-json\/wp\/v2\/posts\/441279\/revisions"}],"wp:featuredmedia":[{"embeddable":true,"href":"https:\/\/www.europesays.com\/fr\/wp-json\/wp\/v2\/media\/441280"}],"wp:attachment":[{"href":"https:\/\/www.europesays.com\/fr\/wp-json\/wp\/v2\/media?parent=441279"}],"wp:term":[{"taxonomy":"category","embeddable":true,"href":"https:\/\/www.europesays.com\/fr\/wp-json\/wp\/v2\/categories?post=441279"},{"taxonomy":"post_tag","embeddable":true,"href":"https:\/\/www.europesays.com\/fr\/wp-json\/wp\/v2\/tags?post=441279"}],"curies":[{"name":"wp","href":"https:\/\/api.w.org\/{rel}","templated":true}]}}