{"id":441281,"date":"2025-10-05T18:27:21","date_gmt":"2025-10-05T18:27:21","guid":{"rendered":"https:\/\/www.europesays.com\/fr\/441281\/"},"modified":"2025-10-05T18:27:21","modified_gmt":"2025-10-05T18:27:21","slug":"cela-va-aller-en-sempirant-eliott-va-t-i","status":"publish","type":"post","link":"https:\/\/www.europesays.com\/fr\/441281\/","title":{"rendered":"\u201cCela va aller en s\u2019empirant\u201d, Eliott va-t-i &#8230;"},"content":{"rendered":"<p>EN BREF<\/p>\n<ul class=\"bloc_resume_post_list\">\n<li>Dans \u00ab\u00a0Un si grand soleil&rsquo;, Eliott (St\u00e9phane Monpetit)<br \/>\nmanipule Catherine (Smadi Wolfman) et \u00c9lisabeth (Chrystelle<br \/>\nLabaude) pour reconqu\u00e9rir Muriel.<\/li>\n<li>Eliott, rong\u00e9 par la jalousie, sabote L Cosm\u00e9tiques et<br \/>\ntente de d\u00e9truire la romance de Muriel avec Boris<br \/>\nLaumi\u00e8re.<\/li>\n<li>Le sc\u00e9nariste Olivier Szulzynger r\u00e9v\u00e8le qu&rsquo;Eliott<br \/>\npourrait sombrer davantage dans son c\u00f4t\u00e9 obscur et<br \/>\ndestructeur.<\/li>\n<\/ul>\n<p data-start=\"0\" data-end=\"94\">Dans Un si grand soleil, les rebondissements s\u2019encha\u00eenent et<br \/>\nla s\u00e9r\u00e9nit\u00e9 semble bien loin. Depuis plusieurs \u00e9pisodes, Catherine<br \/>\n(Smadi Wolfman) et <a href=\"https:\/\/www.telestar.fr\/serie_tv\/un-si-grand-soleil-le-passe-delisabeth-bientot-mis-en-lumiere-1737223\" target=\"_blank\" rel=\"noopener\"><br \/>\n\u00c9lisabeth<\/a> (Chrystelle Labaude) paraissaient engag\u00e9es dans une<br \/>\nlutte impitoyable. Mais derri\u00e8re cette rivalit\u00e9 savamment<br \/>\norchestr\u00e9e par les sc\u00e9naristes se cachait en r\u00e9alit\u00e9 Eliott<br \/>\n(<a href=\"https:\/\/www.telestar.fr\/serie-tv\/interview.-stephane-monpetit-un-si-grand-soleil-je-m-attends-a-tout-avec-eliott-857872https:\/\/www.telestar.fr\/serie-tv\/interview.-stephane-monpetit-un-si-grand-soleil-je-m-attends-a-tout-avec-eliott-857872\" target=\"_blank\" rel=\"noopener\">St\u00e9phane<br \/>\nMonpetit<\/a>), v\u00e9ritable ma\u00eetre du jeu.<\/p>\n<p data-start=\"0\" data-end=\"94\">D\u00e9termin\u00e9 \u00e0 regagner le c\u0153ur de<br \/>\nMuriel, il est all\u00e9 jusqu\u2019\u00e0 manipuler Pascal afin de semer la<br \/>\ndiscorde entre les Bastide et les Laumi\u00e8re. Cette strat\u00e9gie aurait<br \/>\nsans doute port\u00e9 ses fruits si \u00c9lisabeth et Catherine n\u2019avaient pas<br \/>\nd\u00e9couvert qu\u2019elles \u00e9taient victimes d\u2019une<br \/>\n<strong>manipulation<\/strong>. Conscientes du pi\u00e8ge, elles ont<br \/>\nfinalement choisi de s\u2019allier afin de mettre Pascal hors-jeu.<\/p>\n<p>Eliott pr\u00eat \u00e0 tout pour reconqu\u00e9rir Muriel<\/p>\n<p data-start=\"0\" data-end=\"612\">Rapidement, <a href=\"https:\/\/www.telestar.fr\/serie_tv\/un-si-grand-soleil-eliott-et-boris-en-viennent-aux-mains-alix-voit-son-passe-lui-sauter-au-visage-ce-qui-vous-attend-du-23-au-27-juin-1727863\" target=\"_blank\" rel=\"noopener\"><br \/>\nEliott<\/a> a renou\u00e9 avec ses vieux d\u00e9mons. L\u2019arriv\u00e9e de son fils,<br \/>\nloin de l\u2019assagir, a attis\u00e9 son ambition de s\u2019imposer co\u00fbte que<br \/>\nco\u00fbte, quitte \u00e0 franchir les limites de la l\u00e9galit\u00e9. Mais ses exc\u00e8s<br \/>\nont fini par lui faire perdre Muriel (Lou Kuma Kudi) et d\u00e9truire<br \/>\nleur vie de famille. Rong\u00e9 par la jalousie en d\u00e9couvrant que Muriel<br \/>\nrefaisait sa vie avec Boris Laumi\u00e8re (<a href=\"https:\/\/www.telestar.fr\/serie_tv\/jules-bahloul-un-si-grand-soleil-il-est-mal-notre-boris-ses-confessions-sur-la-vie-amoureuse-de-son-personnage-1687428\" target=\"_blank\" rel=\"noopener\">Jules<br \/>\nBahloul<\/a>), il a mont\u00e9 un <strong>plan diabolique<\/strong> !<\/p>\n<p data-start=\"0\" data-end=\"612\">Il veut an\u00e9antir L Cosm\u00e9tiques,<br \/>\nsaboter la romance de son ex-compagne, la<br \/>\n<strong>reconqu\u00e9rir<\/strong> et, au passage, r\u00e9colter assez<br \/>\nd\u2019argent pour lancer l\u2019affaire qui devait enfin le propulser vers<br \/>\nle succ\u00e8s. Pour parvenir \u00e0 ses fins, Eliott a fait<br \/>\n<strong>pression<\/strong> sur Pascal Marceau, le compagnon de<br \/>\n<a href=\"https:\/\/www.telestar.fr\/serie_tv\/un-si-grand-soleil-catherine-reussit-un-coup-de-maitre-pablo-risque-gros-ce-qui-vous-attend-du-29-septembre-au-3-octobre-1739523\" target=\"_blank\" rel=\"noopener\"><br \/>\nCatherine Laumi\u00e8re<\/a>. Son stratag\u00e8me semblait sur le point<br \/>\nd\u2019aboutir jusqu\u2019au moment o\u00f9 Catherine et \u00c9lisabeth Bastide<br \/>\n\u00a0ont d\u00e9couvert le pot aux roses. Cette<br \/>\n<strong>trahison<\/strong> \u00e9vent\u00e9e a r\u00e9duit \u00e0 n\u00e9ant ses ambitions et<br \/>\nlaiss\u00e9 Eliott plus furieux que jamais.<\/p>\n<p>Un si grand soleil : le destin<br \/>\nscell\u00e9 d&rsquo;Eliott<\/p>\n<p>Le sc\u00e9nariste Olivier Szulzynger, \u00e0 l\u2019origine de <a href=\"https:\/\/www.telestar.fr\/serie_tv\/depuis-que-je-tourne-une-un-si-grand-soleil-ne-fait-pas-que-du-bien-a-cette-actrice-phare-de-la-serie-1737384\" target=\"_blank\" rel=\"noopener\"><br \/>\nUn si grand soleil<\/a> et<br \/>\n\u00e9galement plume sur la s\u00e9rie de France 3, s\u2019est confi\u00e9 \u00e0<br \/>\nAllocin\u00e9 au sujet du futur<br \/>\nd\u2019Eliott. Ses propos n\u2019ont rien de rassurant. Selon lui,<br \/>\n\u00ab\u00a0Eliott n\u2019est jamais vraiment<br \/>\nsorti du c\u00f4t\u00e9 obscur\u00a0\u00bb. L\u2019auteur pr\u00e9cise m\u00eame que<br \/>\n\u00ab\u00a0la perte de Muriel, ou en tout<br \/>\ncas le fait qu\u2019il doive partager son fils, va lui \u00eatre<br \/>\ninsupportable et <strong>il va se laisser emporter<\/strong> par ce<br \/>\n<strong>c\u00f4t\u00e9 sombre<\/strong> et destructeur qui l\u2019habite\u00a0\u00bb.<\/p>\n<p>Il poursuit : \u00ab\u00a0Il va essayer<br \/>\nde trouver des moyens pour essayer de <strong>reprendre la<br \/>\nmain<\/strong> au moins sur son fils, qu\u2019il ne voit pas assez.<br \/>\nEliott est un personnage qui est r\u00e9ellement en souffrance, et cela<br \/>\nva aller en s\u2019empirant. Car Eliott est capable de tout\u2026\u00a0\u00bb. De<br \/>\nquoi laisser planer le doute : le personnage franchira-t-il une<br \/>\nlimite irr\u00e9versible ? La suite au prochain \u00e9pisode !<\/p>\n","protected":false},"excerpt":{"rendered":"EN BREF Dans \u00ab\u00a0Un si grand soleil&rsquo;, Eliott (St\u00e9phane Monpetit) manipule Catherine (Smadi Wolfman) et \u00c9lisabeth (Chrystelle Labaude)&hellip;\n","protected":false},"author":2,"featured_media":441282,"comment_status":"","ping_status":"","sticky":false,"template":"","format":"standard","meta":{"footnotes":""},"categories":[1356],"tags":[548,58,59,1011,27,252,1364,9766],"class_list":{"0":"post-441281","1":"post","2":"type-post","3":"status-publish","4":"format-standard","5":"has-post-thumbnail","7":"category-television","8":"tag-article-simple","9":"tag-divertissement","10":"tag-entertainment","11":"tag-fr","12":"tag-france","13":"tag-television","14":"tag-tv","15":"tag-un-si-grand-soleil"},"share_on_mastodon":{"url":"https:\/\/pubeurope.com\/@fr\/115322974576787826","error":""},"_links":{"self":[{"href":"https:\/\/www.europesays.com\/fr\/wp-json\/wp\/v2\/posts\/441281","targetHints":{"allow":["GET"]}}],"collection":[{"href":"https:\/\/www.europesays.com\/fr\/wp-json\/wp\/v2\/posts"}],"about":[{"href":"https:\/\/www.europesays.com\/fr\/wp-json\/wp\/v2\/types\/post"}],"author":[{"embeddable":true,"href":"https:\/\/www.europesays.com\/fr\/wp-json\/wp\/v2\/users\/2"}],"replies":[{"embeddable":true,"href":"https:\/\/www.europesays.com\/fr\/wp-json\/wp\/v2\/comments?post=441281"}],"version-history":[{"count":0,"href":"https:\/\/www.europesays.com\/fr\/wp-json\/wp\/v2\/posts\/441281\/revisions"}],"wp:featuredmedia":[{"embeddable":true,"href":"https:\/\/www.europesays.com\/fr\/wp-json\/wp\/v2\/media\/441282"}],"wp:attachment":[{"href":"https:\/\/www.europesays.com\/fr\/wp-json\/wp\/v2\/media?parent=441281"}],"wp:term":[{"taxonomy":"category","embeddable":true,"href":"https:\/\/www.europesays.com\/fr\/wp-json\/wp\/v2\/categories?post=441281"},{"taxonomy":"post_tag","embeddable":true,"href":"https:\/\/www.europesays.com\/fr\/wp-json\/wp\/v2\/tags?post=441281"}],"curies":[{"name":"wp","href":"https:\/\/api.w.org\/{rel}","templated":true}]}}