{"id":441293,"date":"2025-10-05T18:35:10","date_gmt":"2025-10-05T18:35:10","guid":{"rendered":"https:\/\/www.europesays.com\/fr\/441293\/"},"modified":"2025-10-05T18:35:10","modified_gmt":"2025-10-05T18:35:10","slug":"larmee-polonaise-en-alerte-et-de-plus-en-plus-dukrainiens-sans-electricite-2","status":"publish","type":"post","link":"https:\/\/www.europesays.com\/fr\/441293\/","title":{"rendered":"L\u2019arm\u00e9e polonaise en alerte et de plus en plus d\u2019Ukrainiens sans \u00e9lectricit\u00e9"},"content":{"rendered":"<p>Vous avez rat\u00e9 les derniers \u00e9v\u00e9nements sur la <a href=\"https:\/\/www.20minutes.fr\/monde\/ukraine\/\" class=\"c-link c-link--is-underlined\" target=\"_blank\" rel=\"noopener\">guerre en Ukraine<\/a>\u00a0? 20 Minutes fait le point pour vous tous les soirs. Voici l\u2019essentiel de ce dimanche 5\u00a0octobre, au 1.320e jour du <a href=\"https:\/\/www.20minutes.fr\/monde\/conflit\/\" class=\"c-link c-link--is-underlined\" target=\"_blank\" rel=\"noopener\">conflit<\/a>.<\/p>\n<p>Le fait du jour<\/p>\n<p>Les forces arm\u00e9es de la <a href=\"https:\/\/www.20minutes.fr\/dossier\/pologne\" class=\"c-link c-link--is-underlined\" target=\"_blank\" rel=\"noopener\">Pologne <\/a>ont annonc\u00e9 dimanche sur X le d\u00e9ploiement d\u2019avions et la mise en \u00e9tat d\u2019alerte de d\u00e9fenses au sol pour prot\u00e9ger l\u2019espace a\u00e9rien du pays, notamment dans les r\u00e9gions proches de l\u2019Ukraine. La <a href=\"https:\/\/www.20minutes.fr\/monde\/russie\/\" class=\"c-link c-link--is-underlined\" target=\"_blank\" rel=\"noopener\">Russie<\/a> multiplie les attaques, visant notamment les installations \u00e9nerg\u00e9tiques ukrainiennes \u00e0 l\u2019approche de l\u2019hiver. Son arm\u00e9e a men\u00e9 cette semaine son offensive la plus \u00e9tendue contre les infrastructures gazi\u00e8res de l\u2019Ukraine. Des raids qui l\u2019am\u00e8nent parfois \u00e0 s\u2019approcher un poil trop pr\u00e8s de la fronti\u00e8re, aux yeux de <a href=\"https:\/\/www.20minutes.fr\/dossier\/varsovie\" class=\"c-link c-link--is-underlined\" target=\"_blank\" rel=\"noopener\">Varsovie<\/a>. Traumatisme historique oblige, la Pologne est l\u2019un des pays europ\u00e9ens les plus arm\u00e9s et les plus v\u00e9h\u00e9ments sur la Russie. En septembre, des drones russes avaient d\u00e9j\u00e0 viol\u00e9 l\u2019espace a\u00e9rien polonais.<\/p>\n<p>Le chiffre du jour<\/p>\n<p>73.000 foyers priv\u00e9s de courant \u00e0 Zaporijjia, apr\u00e8s qu\u2019une frappe russe a touch\u00e9 une infrastructure \u00e9lectrique. Plusieurs autres villes, notamment pr\u00e8s du front dans l\u2019Est, ont \u00e9t\u00e9 frapp\u00e9es, faisant plusieurs bless\u00e9s, selon les autorit\u00e9s locales. Selon le pr\u00e9sident ukrainien Volodymyr Zelensky, l\u2019arm\u00e9e <a href=\"https:\/\/www.20minutes.fr\/dossier\/russe\" class=\"c-link c-link--is-underlined\" target=\"_blank\" rel=\"noopener\">russe<\/a> a frapp\u00e9 le pays avec \u00ab\u00a0plus de 50 missiles et environ 500 drones d\u2019attaque\u00a0\u00bb. \u00ab\u00a0Les Russes ont une fois de plus pris pour cible nos infrastructures\u00a0\u00bb, a-t-il indiqu\u00e9, demandant une nouvelle fois aux Occidentaux de fournir des moyens de d\u00e9fense antia\u00e9rienne \u00e0 Kiev. Elle intensifie \u00e9galement ses frappes contre le r\u00e9seau ferroviaire. Samedi, une attaque contre la gare de Chostka dans la r\u00e9gion de Soumy (nord) a fait au moins un mort et 30 bless\u00e9s, selon les autorit\u00e9s ukrainiennes. Le patron des chemins de fer ukrainiens, Oleksandre Pertsovsky, avait rapport\u00e9 samedi avoir relev\u00e9 \u00ab\u00a040 attaques majeures\u00a0\u00bb sur le r\u00e9seau depuis ao\u00fbt.<\/p>\n<p>La citation du jour<\/p>\n<p>\u00ab\u00a0Nous sommes clairement pro-europ\u00e9ens et pro-Otan\u00a0\u00bb, a rassur\u00e9 affirm\u00e9 samedi soir Andrej Babi\u0161, apr\u00e8s sa large victoire aux l\u00e9gislatives tch\u00e8que. Avec 34,51\u00a0% des voix, le parti Ano de M. Babis, est arriv\u00e9 loin devant la formation Ensemble du Premier ministre sortant de centre droit sortant Petr Fiala. L\u2019homme d\u2019affaires s\u2019\u00e9tait autoproclam\u00e9 trumpiste et a promis de r\u00e9duire l\u2019aide \u00e0 l\u2019Ukraine, mais ne dispose pas de la majorit\u00e9. Il va continuer ses consultations, avec pour priorit\u00e9 de d\u00e9fendre \u00ab\u00a0l\u2019orientation pro-occidentale\u00a0\u00bb du pays, \u00ab\u00a0c\u2019est-\u00e0-dire rester non seulement dans l\u2019Union europ\u00e9enne mais aussi dans l\u2019<a href=\"https:\/\/www.20minutes.fr\/monde\/otan\/\" class=\"c-link c-link--is-underlined\" target=\"_blank\" rel=\"noopener\">Otan<\/a>\u00a0\u00bb, a-t-il d\u00e9clar\u00e9.<\/p>\n<\/p>\n<p>Interrog\u00e9 samedi soir par le m\u00e9dia public ukrainien Suspilne, il a soulign\u00e9 que son pays aidait \u00ab\u00a0l\u2019Ukraine via l\u2019UE qui aide l\u2019Ukraine [\u2026] et c\u2019est la fa\u00e7on dont nous allons continuer \u00e0 aider\u00a0\u00bb, excluant d\u2019en faire plus.<\/p>\n<p>Son retour au pouvoir pourrait signifier un rapprochement avec la <a href=\"https:\/\/www.20minutes.fr\/dossier\/hongrie\" class=\"c-link c-link--is-underlined\" target=\"_blank\" rel=\"noopener\">Hongrie<\/a> et la <a href=\"https:\/\/www.20minutes.fr\/dossier\/slovaquie\" class=\"c-link c-link--is-underlined\" target=\"_blank\" rel=\"noopener\">Slovaquie<\/a>, qui ont refus\u00e9 toute aide militaire \u00e0 l\u2019Ukraine et entravent les sanctions contre la Russie.<\/p>\n","protected":false},"excerpt":{"rendered":"Vous avez rat\u00e9 les derniers \u00e9v\u00e9nements sur la guerre en Ukraine\u00a0? 20 Minutes fait le point pour vous&hellip;\n","protected":false},"author":2,"featured_media":441294,"comment_status":"","ping_status":"","sticky":false,"template":"","format":"standard","meta":{"footnotes":""},"categories":[5],"tags":[47,11,1813,1011,27,131,14,74,12,136,2437,8013,132,27073,134,28],"class_list":{"0":"post-441293","1":"post","2":"type-post","3":"status-publish","4":"format-standard","5":"has-post-thumbnail","7":"category-international","8":"tag-actualite","9":"tag-actualites","10":"tag-armee","11":"tag-fr","12":"tag-france","13":"tag-guerre-en-ukraine","14":"tag-international","15":"tag-monde","16":"tag-news","17":"tag-otan","18":"tag-pologne","19":"tag-russe","20":"tag-russie","21":"tag-varsovie","22":"tag-volodymyr-zelensky","23":"tag-world"},"share_on_mastodon":{"url":"https:\/\/pubeurope.com\/@fr\/115323006129741983","error":""},"_links":{"self":[{"href":"https:\/\/www.europesays.com\/fr\/wp-json\/wp\/v2\/posts\/441293","targetHints":{"allow":["GET"]}}],"collection":[{"href":"https:\/\/www.europesays.com\/fr\/wp-json\/wp\/v2\/posts"}],"about":[{"href":"https:\/\/www.europesays.com\/fr\/wp-json\/wp\/v2\/types\/post"}],"author":[{"embeddable":true,"href":"https:\/\/www.europesays.com\/fr\/wp-json\/wp\/v2\/users\/2"}],"replies":[{"embeddable":true,"href":"https:\/\/www.europesays.com\/fr\/wp-json\/wp\/v2\/comments?post=441293"}],"version-history":[{"count":0,"href":"https:\/\/www.europesays.com\/fr\/wp-json\/wp\/v2\/posts\/441293\/revisions"}],"wp:featuredmedia":[{"embeddable":true,"href":"https:\/\/www.europesays.com\/fr\/wp-json\/wp\/v2\/media\/441294"}],"wp:attachment":[{"href":"https:\/\/www.europesays.com\/fr\/wp-json\/wp\/v2\/media?parent=441293"}],"wp:term":[{"taxonomy":"category","embeddable":true,"href":"https:\/\/www.europesays.com\/fr\/wp-json\/wp\/v2\/categories?post=441293"},{"taxonomy":"post_tag","embeddable":true,"href":"https:\/\/www.europesays.com\/fr\/wp-json\/wp\/v2\/tags?post=441293"}],"curies":[{"name":"wp","href":"https:\/\/api.w.org\/{rel}","templated":true}]}}