{"id":441305,"date":"2025-10-05T18:44:12","date_gmt":"2025-10-05T18:44:12","guid":{"rendered":"https:\/\/www.europesays.com\/fr\/441305\/"},"modified":"2025-10-05T18:44:12","modified_gmt":"2025-10-05T18:44:12","slug":"toulon-un-skipper-retrouve-sain-et-sauf-grace-a-un-vaste-dispositif-de-recherche-dans-le-secteur-de-la-garde","status":"publish","type":"post","link":"https:\/\/www.europesays.com\/fr\/441305\/","title":{"rendered":"TOULON : Un skipper retrouv\u00e9 sain et sauf gr\u00e2ce \u00e0 un vaste dispositif de recherche dans le secteur de La Garde"},"content":{"rendered":"<p><strong>Dans la nuit du samedi 4 au dimanche 5 octobre 2025, le Centre r\u00e9gional op\u00e9rationnel de surveillance et de sauvetage de M\u00e9diterran\u00e9e (CROSS MED) a \u00e9t\u00e9 inform\u00e9 par les proches d\u2019un skipper, seul \u00e0 bord de son voilier, d\u2019un message de d\u00e9tresse re\u00e7u sur leur t\u00e9l\u00e9phone. L\u2019homme tentait de rallier Marseille depuis Cannes.<\/strong><\/p>\n<p>Le CROSS MED a imm\u00e9diatement d\u00e9fini une zone de recherche afin de coordonner les op\u00e9rations de recherche et engag\u00e9 un important dispositif de recherche.<\/p>\n<p>Dans un premier temps, l\u2019h\u00e9licopt\u00e8re H160 de la Marine nationale ainsi que la fr\u00e9gate multi-mission (FREMM) Alsace, pr\u00e9sente sur le secteur, ont particip\u00e9 activement aux recherches, tandis qu\u2019en parall\u00e8le les s\u00e9maphores du Dramont et de Camarat ont assur\u00e9 une veille optique.<\/p>\n<p><img decoding=\"async\" src=\"https:\/\/www.europesays.com\/fr\/wp-content\/uploads\/2025\/10\/sauvetage-CROSS-MED.png\"\/><\/p>\n<p>Le dispositif a \u00e9t\u00e9 progressivement renforc\u00e9 dans la matin\u00e9e par le ralliement la S\u00e9curit\u00e9 civile avec l\u2019h\u00e9licopt\u00e8re Dragon 06 de Cannes en charge des recherches c\u00f4ti\u00e8res, la Soci\u00e9t\u00e9 nationale de sauvetage en mer (SNSM) de Saint-Tropez avec le canot tout temps Bailli de Suffren III, engag\u00e9 dans des conditions de mer particuli\u00e8rement difficiles, ainsi que les moyens de la Marine nationale, et les flottilles 32F et 24F.<\/p>\n<p>En milieu de matin\u00e9e ce dimanche, le voilier et son skipper ont finalement \u00e9t\u00e9 d\u00e9tect\u00e9s \u00e0 plus de 40 kilom\u00e8tres au sud du Cap Camarat, gr\u00e2ce \u00e0 la coordination par le CROSS des moyens a\u00e9riens du Falcon 50 (24F) \u2013 exceptionnellement d\u00e9ploy\u00e9 depuis Hy\u00e8res \u2013 et du H160 (32F) de la Marine nationale.<br \/>L\u2019h\u00e9licopt\u00e8re a ensuite proc\u00e9d\u00e9 \u00e0 l\u2019h\u00e9litreuillage du skipper, imm\u00e9diatement pris en charge et transf\u00e9r\u00e9 vers l\u2019H\u00f4pital d\u2019instruction des arm\u00e9es Sainte-Anne \u00e0 Toulon.<\/p>\n<p><strong>Photo Marine nationale.<\/strong><\/p>\n","protected":false},"excerpt":{"rendered":"Dans la nuit du samedi 4 au dimanche 5 octobre 2025, le Centre r\u00e9gional op\u00e9rationnel de surveillance et&hellip;\n","protected":false},"author":2,"featured_media":441306,"comment_status":"","ping_status":"","sticky":false,"template":"","format":"standard","meta":{"footnotes":""},"categories":[9619],"tags":[1111,11,1777,674,1011,27,12,882,25,2310],"class_list":{"0":"post-441305","1":"post","2":"type-post","3":"status-publish","4":"format-standard","5":"has-post-thumbnail","7":"category-toulon","8":"tag-actu","9":"tag-actualites","10":"tag-eu","11":"tag-europe","12":"tag-fr","13":"tag-france","14":"tag-news","15":"tag-provence-alpes-cote-dazur","16":"tag-republique-francaise","17":"tag-toulon"},"share_on_mastodon":{"url":"https:\/\/pubeurope.com\/@fr\/115323042179256813","error":""},"_links":{"self":[{"href":"https:\/\/www.europesays.com\/fr\/wp-json\/wp\/v2\/posts\/441305","targetHints":{"allow":["GET"]}}],"collection":[{"href":"https:\/\/www.europesays.com\/fr\/wp-json\/wp\/v2\/posts"}],"about":[{"href":"https:\/\/www.europesays.com\/fr\/wp-json\/wp\/v2\/types\/post"}],"author":[{"embeddable":true,"href":"https:\/\/www.europesays.com\/fr\/wp-json\/wp\/v2\/users\/2"}],"replies":[{"embeddable":true,"href":"https:\/\/www.europesays.com\/fr\/wp-json\/wp\/v2\/comments?post=441305"}],"version-history":[{"count":0,"href":"https:\/\/www.europesays.com\/fr\/wp-json\/wp\/v2\/posts\/441305\/revisions"}],"wp:featuredmedia":[{"embeddable":true,"href":"https:\/\/www.europesays.com\/fr\/wp-json\/wp\/v2\/media\/441306"}],"wp:attachment":[{"href":"https:\/\/www.europesays.com\/fr\/wp-json\/wp\/v2\/media?parent=441305"}],"wp:term":[{"taxonomy":"category","embeddable":true,"href":"https:\/\/www.europesays.com\/fr\/wp-json\/wp\/v2\/categories?post=441305"},{"taxonomy":"post_tag","embeddable":true,"href":"https:\/\/www.europesays.com\/fr\/wp-json\/wp\/v2\/tags?post=441305"}],"curies":[{"name":"wp","href":"https:\/\/api.w.org\/{rel}","templated":true}]}}