{"id":441307,"date":"2025-10-05T18:45:12","date_gmt":"2025-10-05T18:45:12","guid":{"rendered":"https:\/\/www.europesays.com\/fr\/441307\/"},"modified":"2025-10-05T18:45:12","modified_gmt":"2025-10-05T18:45:12","slug":"top-14-a-limage-de-thomas-souverbie-une-rotation-paloise-accrocheuse-a-toulon","status":"publish","type":"post","link":"https:\/\/www.europesays.com\/fr\/441307\/","title":{"rendered":"Top 14. \u00c0 l\u2019image de Thomas Souverbie, une rotation paloise accrocheuse \u00e0 Toulon"},"content":{"rendered":"<p>\u00c0 l\u2019inverse de ce qu\u2019ont \u00e9t\u00e9 \u00c9milien Gailleton, Th\u00e9o Attissogbe et Hugo Auradou, ou de ce que sont Fabien Brau-Boirie et m\u00eame Gr\u00e9goire Arfeuil, Thomas Souverbie n\u2019est pas le genre de com\u00e8te \u00e0 crever l\u2019\u00e9cran avant m\u00eame de s\u2019installer. Si le joueur de 21\u00a0ans form\u00e9 \u00e0 Bizanos a longtemps rong\u00e9 son frein, il a fini \u00ab\u00a0par r\u00e9colter les fruits de son travail et de sa patience\u00a0\u00bb \u00e0 Toulon, de l\u2019aveu de S\u00e9bastien Piqueronies.<\/p>\n<p>Son potentiel le pr\u00e9disposait peut-\u00eatre \u00e0 conna\u00eetre sa premi\u00e8re titularisation en Top 14 un peu plus t\u00f4t, mais l\u2019international U20 (6 s\u00e9lections) a longtemps fait les frais d\u2019une concurrence (Thibault Daubagna et Dan Robson) souvent performante et rarement bless\u00e9e. Ce samedi, <a href=\"https:\/\/www.sudouest.fr\/sport\/rugby\/section-paloise\/top-14-a-toulon-pau-cette-fois-puni-pour-son-manque-de-realisme-26208081.php\" rel=\"nofollow noopener\" target=\"_blank\">malgr\u00e9 la d\u00e9faite dans le Var (33-17)<\/a>, le Palois (11 matchs de Top 14) a rattrap\u00e9 un peu de ce temps perdu par rapport \u00e0 Axel Desperes (49 apparitions en championnat), avec qui il composait une charni\u00e8re issue de la g\u00e9n\u00e9ration sectionniste de 2004. \u00ab\u00a0On se conna\u00eet depuis tr\u00e8s longtemps, et il y a \u00e9videmment des automatismes\u00a0\u00bb, relevait le demi de m\u00eal\u00e9e \u00e0 la maturit\u00e9 en d\u00e9calage avec son jeune \u00e2ge. Malgr\u00e9 un enthousiasme de jeune premier, face \u00e0 un ogre comme Toulon, dans le cadre de Mayol.<\/p>\n<p>De quoi att\u00e9nuer la d\u00e9convenue collective sans la dissiper totalement. \u00ab\u00a0Cet environnement, cette pression, c\u2019est quelque chose qui me pla\u00eet. C\u2019\u00e9tait hyper challengeant, avec en plus Baptiste Serin en face. M\u00eame s\u2019il y a de la d\u00e9ception, c\u2019est un match dont je me souviendrais.\u00a0\u00bb<\/p>\n<p>Sobre et fiable<\/p>\n<p>Pas tant pour sa propre performance individuelle. \u00c0 l\u2019image d\u2019une \u00e9quipe remani\u00e9e \u00e0 qui il n\u2019a manqu\u00e9 que l\u2019efficacit\u00e9 offensive pour rivaliser, la copie de Thomas Souverbie s\u2019est inscrite dans un registre sobre et rassurant. Huit coups de pied dans le jeu pour 191\u00a0m gagn\u00e9s, 20 m\u00e8tres parcourus sur ses quatre courses, une activit\u00e9 prometteuse au bord de rucks, deux d\u00e9fenseurs battus, et ni p\u00e9nalit\u00e9, ni ballon perdu. D\u00e9fensivement, le n\u00b09 est \u00e0 cr\u00e9diter de six plaquages r\u00e9ussis sur sept de tent\u00e9s.<\/p>\n<p>\u00ab\u00a0J\u2019ai trouv\u00e9 sa prestation s\u00e9rieuse, appliqu\u00e9e, juge son manager. Thomas est un demi de m\u00eal\u00e9e capable de tenir un plan d\u2019une \u00e9quipe de Top 14. C\u2019est tr\u00e8s positif. Il a une capacit\u00e9 \u00e0 \u00eatre tr\u00e8s dangereux \u00e0 condition d\u2019\u00eatre d\u00e9complex\u00e9.\u00a0\u00bb<\/p>\n<p>Une copie sans fard, mais sans erreur : en un mot relativement fiable pour le n\u00b03 dans la hi\u00e9rarchie des 9. \u00ab\u00a0Collectivement, on a du faire le dos rond, d\u00e9crypte Thomas Souverbie. J\u2019ai d\u00fb m\u2019adapter \u00e0 \u00e7a, notamment pendant 20 minutes (d\u2019inf\u00e9riorit\u00e9 num\u00e9rique, suite \u00e0 deux cartons jaunes, NDLR). Certains rucks \u00e9taient compliqu\u00e9s, c\u2019\u00e9tait dur d\u2019avancer derri\u00e8re. J\u2019ai essay\u00e9 de jouer les petits espaces, notamment en zone de marque proche des rucks. Quand on avait un peu de momentums, des bons rucks, on trouvait de l\u2019avanc\u00e9e. De ce point de vue, j\u2019ai essay\u00e9 d\u2019\u00eatre le plus propre possible.\u00a0\u00bb<\/p>\n<p>En profondeur<\/p>\n<p>Le pur produit de la formation sectionniste incarne un collectif, qui m\u00eame remani\u00e9 (<a href=\"https:\/\/www.sudouest.fr\/sport\/rugby\/section-paloise\/top-14-a-toulon-la-section-paloise-opere-12-changements-par-rapport-au-match-de-lyon-26193245.php\" rel=\"nofollow noopener\" target=\"_blank\">trois titulaires seulement par rapport au match face \u00e0 Lyon lors de la pr\u00e9c\u00e9dente journ\u00e9e<\/a>), a l\u00e9gitim\u00e9 la nouvelle profondeur de banc b\u00e9arnaise revendiqu\u00e9e par Piqueronies. \u00ab\u00a0J\u2019ai un groupe tr\u00e8s homog\u00e8ne, \u00e0 l\u2019\u00e9tat d\u2019esprit remarquable, qui travaille bien. Je ne l\u2019ai pas appris, mais vous l\u2019apprenez peut-\u00eatre. Cela confirme que la Section a un gros effectif, qu\u2019elle a des hommes qui veulent combattre, mais que pour atteindre ses ambitions, il faudra qu\u2019elle soit plus pr\u00e9cise. C\u2019est clair et \u00e9vident.\u00a0\u00bb<\/p>\n<p>Un d\u00e9ficit de r\u00e9alisme qui r\u00e9sulte aussi d\u2019un manque d\u2019automatismes. \u00ab\u00a0Cela a peut-\u00eatre jou\u00e9 mais il ne faut pas se cacher derri\u00e8re \u00e7a, estime le demi de m\u00eal\u00e9e palois. On s\u2019entra\u00eene tous les jours ensemble, et puis malgr\u00e9 les rotations, on a fait preuve du m\u00eame manque d\u2019efficacit\u00e9 qu\u2019\u00e0 Clermont. Cela ne date pas d\u2019aujourd\u2019hui, on ne rentabilise pas nos occasions.\u00a0\u00bb<\/p>\n<p>    L\u2019infirmerie<br \/>\n<strong>Tuipulotu et Klemenczak sortis sur blessure<\/strong> Ce samedi \u00e0 Mayol, la Section Paloise a perdu Carwyn Tuipulotu suite \u00e0 une blessure \u00e0 l\u2019\u00e9paule. Quant \u00e0 Olivier Klemenczak, il a \u00e9t\u00e9 touch\u00e9 au dos. Le troisi\u00e8me ligne centre n\u2019est jamais revenu de sa sortie apr\u00e8s avoir \u00e9cop\u00e9 d\u2019un jaune (3e) pour un coude un peu trop haut sur une charge. Quant au centre, il a aussi c\u00e9d\u00e9 sa place avant l\u2019heure \u00e0 Cl\u00e9ment Mondinat (35e). <\/p>\n<p>    (Dis) Section<br \/>\n<strong>La Section tourne bien <\/strong>La Section Paloise a \u00ab\u00a0fait tourner\u00a0\u00bb \u00e0 Toulon samedi. Sur le terrain, 8 des 15 titulaires du succ\u00e8s face \u00e0 Lyon n\u2019\u00e9taient pas dans le groupe, aucun des \u00ab\u00a0premiums\u00a0\u00bb \u00e0 la sauce Piqueronies n\u2019a pris part \u00e0 la bataille de Mayol. Mais pour autant, Tokolahi, Picquette, Zegueur, Decron ou encore Luc n\u2019ont rien de perdreaux de l\u2019ann\u00e9e. La quinzaine d\u2019incursions en zone de marque adverse montrent la continuit\u00e9 qu\u2019est capable de proposer la Section, au sens large.<br \/>Reste que cette \u00e9quipe a clairement manqu\u00e9 de v\u00e9cu collectif pour mieux se d\u00e9fendre \u00e0 Toulon. L\u2019\u00e9cart final, de 16 points, est inf\u00e9rieur \u00e0 la moyenne des neuf d\u00e9faites paloises dans le Var depuis 2015 (-20), idem concernant le nombre de points encaiss\u00e9s sous l\u2019\u00e8re Piqueronies \u00e0 Mayol (39). Une maigre consolation, mais des signes tangibles d\u2019un d\u00e9but de progression, et d\u2019un groupe \u00e9largi plus fort \u00e0 la Section.<br \/><strong>Damien Gozioso<\/strong><\/p>\n","protected":false},"excerpt":{"rendered":"\u00c0 l\u2019inverse de ce qu\u2019ont \u00e9t\u00e9 \u00c9milien Gailleton, Th\u00e9o Attissogbe et Hugo Auradou, ou de ce que sont&hellip;\n","protected":false},"author":2,"featured_media":441308,"comment_status":"","ping_status":"","sticky":false,"template":"","format":"standard","meta":{"footnotes":""},"categories":[9619],"tags":[1111,11,1777,674,1011,27,12,882,25,2310],"class_list":{"0":"post-441307","1":"post","2":"type-post","3":"status-publish","4":"format-standard","5":"has-post-thumbnail","7":"category-toulon","8":"tag-actu","9":"tag-actualites","10":"tag-eu","11":"tag-europe","12":"tag-fr","13":"tag-france","14":"tag-news","15":"tag-provence-alpes-cote-dazur","16":"tag-republique-francaise","17":"tag-toulon"},"share_on_mastodon":{"url":"https:\/\/pubeurope.com\/@fr\/115323045443573734","error":""},"_links":{"self":[{"href":"https:\/\/www.europesays.com\/fr\/wp-json\/wp\/v2\/posts\/441307","targetHints":{"allow":["GET"]}}],"collection":[{"href":"https:\/\/www.europesays.com\/fr\/wp-json\/wp\/v2\/posts"}],"about":[{"href":"https:\/\/www.europesays.com\/fr\/wp-json\/wp\/v2\/types\/post"}],"author":[{"embeddable":true,"href":"https:\/\/www.europesays.com\/fr\/wp-json\/wp\/v2\/users\/2"}],"replies":[{"embeddable":true,"href":"https:\/\/www.europesays.com\/fr\/wp-json\/wp\/v2\/comments?post=441307"}],"version-history":[{"count":0,"href":"https:\/\/www.europesays.com\/fr\/wp-json\/wp\/v2\/posts\/441307\/revisions"}],"wp:featuredmedia":[{"embeddable":true,"href":"https:\/\/www.europesays.com\/fr\/wp-json\/wp\/v2\/media\/441308"}],"wp:attachment":[{"href":"https:\/\/www.europesays.com\/fr\/wp-json\/wp\/v2\/media?parent=441307"}],"wp:term":[{"taxonomy":"category","embeddable":true,"href":"https:\/\/www.europesays.com\/fr\/wp-json\/wp\/v2\/categories?post=441307"},{"taxonomy":"post_tag","embeddable":true,"href":"https:\/\/www.europesays.com\/fr\/wp-json\/wp\/v2\/tags?post=441307"}],"curies":[{"name":"wp","href":"https:\/\/api.w.org\/{rel}","templated":true}]}}