{"id":441313,"date":"2025-10-05T18:48:16","date_gmt":"2025-10-05T18:48:16","guid":{"rendered":"https:\/\/www.europesays.com\/fr\/441313\/"},"modified":"2025-10-05T18:48:16","modified_gmt":"2025-10-05T18:48:16","slug":"apres-la-tempete-amy-quel-temps-va-t-il-faire-cette-semaine-en-seine-maritime","status":"publish","type":"post","link":"https:\/\/www.europesays.com\/fr\/441313\/","title":{"rendered":"Apr\u00e8s la temp\u00eate Amy, quel temps va-t-il faire cette semaine en Seine-Maritime\u00a0?"},"content":{"rendered":"<p>            Par<br \/>\n        <strong><br \/>\n            <a href=\"https:\/\/actu.fr\/auteur\/yann-rivallan\" title=\"Consulter tous les articles de Yann Rivallan\" target=\"_blank\" rel=\"noopener\">Yann Rivallan<\/a><br \/>\n        <\/strong><\/p>\n<p>        Publi\u00e9 le<\/p>\n<p>            5 oct. 2025 \u00e0 16h10        <\/p>\n<p>Apr\u00e8s avoir \u00e9t\u00e9 balay\u00e9e par la temp\u00eate Amy, la <a href=\"https:\/\/actu.fr\/normandie\/seine-maritime_76\" target=\"_blank\" rel=\"noopener\">Seine-Maritime<\/a> va-t-elle retrouver <strong>une m\u00e9t\u00e9o<\/strong> plus cl\u00e9mente\u2009? Vraisemblablement, mais gare tout de m\u00eame \u00e0 <strong>la pluie<\/strong>\u2009! On fait le point sur les pr\u00e9visions pour la semaine du <strong>6 au 12\u00a0octobre 2025<\/strong>.<\/p>\n<p>Pas de coup de vent annonc\u00e9<\/p>\n<p class=\" wall-content\">La semaine va commencer en douceur. Si le ciel risque d\u2019\u00eatre <strong>souvent voil\u00e9<\/strong> entre lundi et mercredi, aucun gros coup de vent n\u2019est annonc\u00e9. De m\u00eame, nos t\u00eates devraient rester \u00e9pargn\u00e9es par la pluie durant tout le d\u00e9but de semaine.<\/p>\n<p class=\" wall-content\">Mais mercredi soir, <strong>quelques \u00ab\u2009pluies faibles\u2009\u00bb<\/strong> sont d\u00e9j\u00e0 anticip\u00e9es par M\u00e9t\u00e9o France sur une partie du d\u00e9partement.<\/p>\n<p>De la pluie jeudi matin<\/p>\n<p class=\" wall-content\">Dans la foul\u00e9e, <strong>des averses<\/strong> sont attendues durant toute la matin\u00e9e du jeudi 9\u00a0octobre. Le ciel devrait ensuite s\u2019\u00e9claircir au cours de l\u2019apr\u00e8s-midi. Vendredi et le week-end, le temps devrait rester aussi cl\u00e9ment qu\u2019en d\u00e9but de semaine.<\/p>\n<p class=\" wall-content\">C\u00f4t\u00e9 mercure, les temp\u00e9ratures vont rester assez douces tout au long de la semaine, en moyenne <strong>autour de 15 ou 16 degr\u00e9s<\/strong>. Une pointe \u00e0 19\u00a0\u00b0C est attendue mercredi apr\u00e8s-midi.<\/p>\n<p class=\" wall-content\">Personnalisez votre actualit\u00e9 en ajoutant vos villes et m\u00e9dias en favori avec <a href=\"https:\/\/moncompte.actu.fr\" title=\"D\u00e9couvez Mon Actu\" rel=\"nofollow noopener\" data-trk=\"{&quot;cta&quot;:{&quot;action&quot;:&quot;https:\\\/\\\/moncompte.actu.fr&quot;,&quot;category&quot;:&quot;mon compte&quot;,&quot;from&quot;:&quot;article footer&quot;,&quot;name&quot;:&quot;Mon actu&quot;,&quot;type&quot;:&quot;cta&quot;}}\" target=\"_blank\">Mon Actu<\/a>.<\/p>\n","protected":false},"excerpt":{"rendered":"Par Yann Rivallan Publi\u00e9 le 5 oct. 2025 \u00e0 16h10 Apr\u00e8s avoir \u00e9t\u00e9 balay\u00e9e par la temp\u00eate Amy,&hellip;\n","protected":false},"author":2,"featured_media":441314,"comment_status":"","ping_status":"","sticky":false,"template":"","format":"standard","meta":{"footnotes":""},"categories":[9587],"tags":[1111,11,1777,674,1011,27,3059,2487,2357,12,5161,4459,25,9590],"class_list":{"0":"post-441313","1":"post","2":"type-post","3":"status-publish","4":"format-standard","5":"has-post-thumbnail","7":"category-rouen","8":"tag-actu","9":"tag-actualites","10":"tag-eu","11":"tag-europe","12":"tag-fr","13":"tag-france","14":"tag-intemperies","15":"tag-meteo","16":"tag-meteo-france","17":"tag-news","18":"tag-normandie","19":"tag-pluie","20":"tag-republique-francaise","21":"tag-rouen"},"share_on_mastodon":{"url":"https:\/\/pubeurope.com\/@fr\/115323057225097098","error":""},"_links":{"self":[{"href":"https:\/\/www.europesays.com\/fr\/wp-json\/wp\/v2\/posts\/441313","targetHints":{"allow":["GET"]}}],"collection":[{"href":"https:\/\/www.europesays.com\/fr\/wp-json\/wp\/v2\/posts"}],"about":[{"href":"https:\/\/www.europesays.com\/fr\/wp-json\/wp\/v2\/types\/post"}],"author":[{"embeddable":true,"href":"https:\/\/www.europesays.com\/fr\/wp-json\/wp\/v2\/users\/2"}],"replies":[{"embeddable":true,"href":"https:\/\/www.europesays.com\/fr\/wp-json\/wp\/v2\/comments?post=441313"}],"version-history":[{"count":0,"href":"https:\/\/www.europesays.com\/fr\/wp-json\/wp\/v2\/posts\/441313\/revisions"}],"wp:featuredmedia":[{"embeddable":true,"href":"https:\/\/www.europesays.com\/fr\/wp-json\/wp\/v2\/media\/441314"}],"wp:attachment":[{"href":"https:\/\/www.europesays.com\/fr\/wp-json\/wp\/v2\/media?parent=441313"}],"wp:term":[{"taxonomy":"category","embeddable":true,"href":"https:\/\/www.europesays.com\/fr\/wp-json\/wp\/v2\/categories?post=441313"},{"taxonomy":"post_tag","embeddable":true,"href":"https:\/\/www.europesays.com\/fr\/wp-json\/wp\/v2\/tags?post=441313"}],"curies":[{"name":"wp","href":"https:\/\/api.w.org\/{rel}","templated":true}]}}