{"id":441315,"date":"2025-10-05T18:49:18","date_gmt":"2025-10-05T18:49:18","guid":{"rendered":"https:\/\/www.europesays.com\/fr\/441315\/"},"modified":"2025-10-05T18:49:18","modified_gmt":"2025-10-05T18:49:18","slug":"national-la-commission-de-discipline-larguee-rouen-sur-un-nuage-le-frapper-en-difficulte-les-infos-du-week-end-en-national","status":"publish","type":"post","link":"https:\/\/www.europesays.com\/fr\/441315\/","title":{"rendered":"National. La commission de discipline largu\u00e9e, Rouen sur un nuage, Le Frapper en difficult\u00e9\u00a0: les infos du week-end en National"},"content":{"rendered":"<p class=\"heading\">&#8230;pour lire la suite, rejoignez notre communaut\u00e9 d&rsquo;abonn\u00e9s<\/p>\n<p class=\"subtitle\">et acc\u00e9dez \u00e0 l&rsquo;int\u00e9gralit\u00e9 de nos articles sur le site et l&rsquo;application mobile<\/p>\n<p class=\"price-detail\">&#13;<br \/>\n\t\t\t\t\t\t\t\t\t\t\t\t\u00e0 partir de 1 \u20ac  le 1er mois, sans engagement de dur\u00e9e&#13;\n\t\t\t\t\t\t\t\t\t\t\t<\/p>\n<p class=\"listSKU\" style=\"display:none\">{&lsquo;skus&rsquo;: [&lsquo;lerswgpremium16&rsquo;]}<\/p>\n<p class=\"google-sub-infos\">Google : 1\u20ac le 1er mois puis 12,99\u20ac<\/p>\n","protected":false},"excerpt":{"rendered":"&#8230;pour lire la suite, rejoignez notre communaut\u00e9 d&rsquo;abonn\u00e9s et acc\u00e9dez \u00e0 l&rsquo;int\u00e9gralit\u00e9 de nos articles sur le site&hellip;\n","protected":false},"author":2,"featured_media":441316,"comment_status":"","ping_status":"","sticky":false,"template":"","format":"standard","meta":{"footnotes":""},"categories":[9587],"tags":[1111,11,14188,10332,1777,674,14186,63,1011,27,12,5161,25,9590,14187,517,14185],"class_list":{"0":"post-441315","1":"post","2":"type-post","3":"status-publish","4":"format-standard","5":"has-post-thumbnail","7":"category-rouen","8":"tag-actu","9":"tag-actualites","10":"tag-ca-pays-de-montbeliard-agglomeration-25b1","11":"tag-edition-belfort-hericourt-montbeliard","12":"tag-eu","13":"tag-europe","14":"tag-fc-sochaux-montbeliard","15":"tag-football","16":"tag-fr","17":"tag-france","18":"tag-news","19":"tag-normandie","20":"tag-republique-francaise","21":"tag-rouen","22":"tag-sochaux","23":"tag-sport","24":"tag-sport-franc-comtois"},"share_on_mastodon":{"url":"https:\/\/pubeurope.com\/@fr\/115323061036440671","error":""},"_links":{"self":[{"href":"https:\/\/www.europesays.com\/fr\/wp-json\/wp\/v2\/posts\/441315","targetHints":{"allow":["GET"]}}],"collection":[{"href":"https:\/\/www.europesays.com\/fr\/wp-json\/wp\/v2\/posts"}],"about":[{"href":"https:\/\/www.europesays.com\/fr\/wp-json\/wp\/v2\/types\/post"}],"author":[{"embeddable":true,"href":"https:\/\/www.europesays.com\/fr\/wp-json\/wp\/v2\/users\/2"}],"replies":[{"embeddable":true,"href":"https:\/\/www.europesays.com\/fr\/wp-json\/wp\/v2\/comments?post=441315"}],"version-history":[{"count":0,"href":"https:\/\/www.europesays.com\/fr\/wp-json\/wp\/v2\/posts\/441315\/revisions"}],"wp:featuredmedia":[{"embeddable":true,"href":"https:\/\/www.europesays.com\/fr\/wp-json\/wp\/v2\/media\/441316"}],"wp:attachment":[{"href":"https:\/\/www.europesays.com\/fr\/wp-json\/wp\/v2\/media?parent=441315"}],"wp:term":[{"taxonomy":"category","embeddable":true,"href":"https:\/\/www.europesays.com\/fr\/wp-json\/wp\/v2\/categories?post=441315"},{"taxonomy":"post_tag","embeddable":true,"href":"https:\/\/www.europesays.com\/fr\/wp-json\/wp\/v2\/tags?post=441315"}],"curies":[{"name":"wp","href":"https:\/\/api.w.org\/{rel}","templated":true}]}}