{"id":441317,"date":"2025-10-05T18:51:16","date_gmt":"2025-10-05T18:51:16","guid":{"rendered":"https:\/\/www.europesays.com\/fr\/441317\/"},"modified":"2025-10-05T18:51:16","modified_gmt":"2025-10-05T18:51:16","slug":"cinq-impacts-de-balles-retrouves-sur-une-porte-dappartement","status":"publish","type":"post","link":"https:\/\/www.europesays.com\/fr\/441317\/","title":{"rendered":"cinq impacts de balles retrouv\u00e9s sur une porte d&rsquo;appartement"},"content":{"rendered":"<p itemprop=\"description\"><strong>Le message est clair.<\/strong><\/p>\n<p>Dans la nuit de jeudi \u00e0 vendredi, une ou plusieurs personnes ont ouvert le feu sur la porte d&rsquo;un appartement de la rue des Colibris \u00e0 Grenoble. Les faits se sont d\u00e9roul\u00e9s vers 2h du matin.<\/p>\n<p>C&rsquo;est l&rsquo;habitant des lieux qui a appel\u00e9 la police, apr\u00e8s avoir entendu les coups de feu et constat\u00e9 la pr\u00e9sence de cinq impacts de balles sur sa porte d&rsquo;entr\u00e9e.<\/p>\n<p>Une enqu\u00eate a \u00e9t\u00e9 ouverte. Le profil de l&rsquo;habitant sera \u00e9tudi\u00e9, potentiellement pour lui trouver d&rsquo;\u00e9ventuels ennemis.<\/p>\n","protected":false},"excerpt":{"rendered":"Le message est clair. Dans la nuit de jeudi \u00e0 vendredi, une ou plusieurs personnes ont ouvert le&hellip;\n","protected":false},"author":2,"featured_media":441318,"comment_status":"","ping_status":"","sticky":false,"template":"","format":"standard","meta":{"footnotes":""},"categories":[9566],"tags":[1111,11,7733,8279,2430,7736,650,7734,2889,2263,1777,674,1011,27,2731,8280,6417,1114,108,4662,12,3725,1825,25,7737],"class_list":{"0":"post-441317","1":"post","2":"type-post","3":"status-publish","4":"format-standard","5":"has-post-thumbnail","7":"category-grenoble","8":"tag-actu","9":"tag-actualites","10":"tag-alpes","11":"tag-alpes1","12":"tag-auvergne-rhone-alpes","13":"tag-cds","14":"tag-cinema","15":"tag-ecoute","16":"tag-emission","17":"tag-equipe","18":"tag-eu","19":"tag-europe","20":"tag-fr","21":"tag-france","22":"tag-grenoble","23":"tag-haute","24":"tag-information","25":"tag-infos","26":"tag-isere","27":"tag-journal","28":"tag-news","29":"tag-podcast","30":"tag-radio","31":"tag-republique-francaise","32":"tag-winamp"},"share_on_mastodon":{"url":"https:\/\/pubeurope.com\/@fr\/115323068969010932","error":""},"_links":{"self":[{"href":"https:\/\/www.europesays.com\/fr\/wp-json\/wp\/v2\/posts\/441317","targetHints":{"allow":["GET"]}}],"collection":[{"href":"https:\/\/www.europesays.com\/fr\/wp-json\/wp\/v2\/posts"}],"about":[{"href":"https:\/\/www.europesays.com\/fr\/wp-json\/wp\/v2\/types\/post"}],"author":[{"embeddable":true,"href":"https:\/\/www.europesays.com\/fr\/wp-json\/wp\/v2\/users\/2"}],"replies":[{"embeddable":true,"href":"https:\/\/www.europesays.com\/fr\/wp-json\/wp\/v2\/comments?post=441317"}],"version-history":[{"count":0,"href":"https:\/\/www.europesays.com\/fr\/wp-json\/wp\/v2\/posts\/441317\/revisions"}],"wp:featuredmedia":[{"embeddable":true,"href":"https:\/\/www.europesays.com\/fr\/wp-json\/wp\/v2\/media\/441318"}],"wp:attachment":[{"href":"https:\/\/www.europesays.com\/fr\/wp-json\/wp\/v2\/media?parent=441317"}],"wp:term":[{"taxonomy":"category","embeddable":true,"href":"https:\/\/www.europesays.com\/fr\/wp-json\/wp\/v2\/categories?post=441317"},{"taxonomy":"post_tag","embeddable":true,"href":"https:\/\/www.europesays.com\/fr\/wp-json\/wp\/v2\/tags?post=441317"}],"curies":[{"name":"wp","href":"https:\/\/api.w.org\/{rel}","templated":true}]}}