{"id":441319,"date":"2025-10-05T18:52:42","date_gmt":"2025-10-05T18:52:42","guid":{"rendered":"https:\/\/www.europesays.com\/fr\/441319\/"},"modified":"2025-10-05T18:52:42","modified_gmt":"2025-10-05T18:52:42","slug":"1-800-protestants-evangeliques-reunis-au-palais-des-sports","status":"publish","type":"post","link":"https:\/\/www.europesays.com\/fr\/441319\/","title":{"rendered":"1\u00a0800 protestants \u00e9vang\u00e9liques r\u00e9unis au Palais des sports"},"content":{"rendered":"<p>\u00ab\u00a0C\u2019est une premi\u00e8re\u00a0!\u00a0\u00bb, s\u2019enthousiasme Gilles Pilloud, l\u2019un des organisateurs de la d\u00e9clinaison grenobloise des C\u00e9l\u00e9brations 2025, un \u00e9v\u00e9nement lanc\u00e9 par le Conseil national des \u00e9vang\u00e9liques de France (CNEF), qui revendique 750\u00a0000 pratiquants r\u00e9guliers dans l\u2019Hexagone.<\/p>\n<p>Concr\u00e8tement, pour la premi\u00e8re fois, un temps de pri\u00e8re autour de la foi \u00e9vang\u00e9lique s\u2019est d\u00e9roul\u00e9 simultan\u00e9ment dans 88 villes de France. \u00c0 Grenoble, ce sont 1\u00a0800 protestants \u00e9vang\u00e9liques de l\u2019agglom\u00e9ration qui se sont r\u00e9unis au Palais de sports pour la c\u00e9l\u00e9bration organis\u00e9e par la Pastorale CNEF Grenoble Alpes M\u00e9tropole, une association qui rassemble 20 \u00e9glises \u00e9vang\u00e9liques locales.<\/p>\n<p>Si, d\u2019apr\u00e8s le Cnef, le mouvement \u00e9vang\u00e9lique attire de plus en plus d\u2019adeptes dans le pays, \u00e0 Grenoble \u00ab\u00a0on accueille chaque ann\u00e9e de nouveaux membres, mais il n\u2019y a pas d\u2019explosion\u00a0\u00bb, pr\u00e9cise Guy Nagelkirk, le pr\u00e9sident de la Pastorale. \u00ab\u00a0Les gens qui nous rejoignent sont en qu\u00eate de sens, rench\u00e9rit Gilles Pilloud. De nouveaux fid\u00e8les s\u00e9duits par une pratique de la religion \u00ab\u00a0plus libre, moins hi\u00e9rarchique\u00a0\u00bb, poursuit-il.<\/p>\n<p>Une libert\u00e9 que revendiquent les nombreux jeunes pr\u00e9sents lors de la c\u00e9l\u00e9bration grenobloise. Cl\u00e9ment, 19 ans, Justin, 21 ans et Robin, 17 ans, pr\u00e9cisent que s\u2019ils sont n\u00e9s dans des familles protestantes \u00e9vang\u00e9liques, leur foi est le fruit \u00ab\u00a0d\u2019un choix personnel\u00a0\u00bb et non d\u2019une obligation familiale.<\/p>\n","protected":false},"excerpt":{"rendered":"\u00ab\u00a0C\u2019est une premi\u00e8re\u00a0!\u00a0\u00bb, s\u2019enthousiasme Gilles Pilloud, l\u2019un des organisateurs de la d\u00e9clinaison grenobloise des C\u00e9l\u00e9brations 2025, un \u00e9v\u00e9nement&hellip;\n","protected":false},"author":2,"featured_media":441320,"comment_status":"","ping_status":"","sticky":false,"template":"","format":"standard","meta":{"footnotes":""},"categories":[9566],"tags":[1111,11,2430,112,1777,674,1011,27,2731,2732,12,5889,25,104],"class_list":{"0":"post-441319","1":"post","2":"type-post","3":"status-publish","4":"format-standard","5":"has-post-thumbnail","7":"category-grenoble","8":"tag-actu","9":"tag-actualites","10":"tag-auvergne-rhone-alpes","11":"tag-edition-grenoble-agglomeration","12":"tag-eu","13":"tag-europe","14":"tag-fr","15":"tag-france","16":"tag-grenoble","17":"tag-grenoble-bassin","18":"tag-news","19":"tag-religion-croyance","20":"tag-republique-francaise","21":"tag-societe"},"share_on_mastodon":{"url":"https:\/\/pubeurope.com\/@fr\/115323072842899254","error":""},"_links":{"self":[{"href":"https:\/\/www.europesays.com\/fr\/wp-json\/wp\/v2\/posts\/441319","targetHints":{"allow":["GET"]}}],"collection":[{"href":"https:\/\/www.europesays.com\/fr\/wp-json\/wp\/v2\/posts"}],"about":[{"href":"https:\/\/www.europesays.com\/fr\/wp-json\/wp\/v2\/types\/post"}],"author":[{"embeddable":true,"href":"https:\/\/www.europesays.com\/fr\/wp-json\/wp\/v2\/users\/2"}],"replies":[{"embeddable":true,"href":"https:\/\/www.europesays.com\/fr\/wp-json\/wp\/v2\/comments?post=441319"}],"version-history":[{"count":0,"href":"https:\/\/www.europesays.com\/fr\/wp-json\/wp\/v2\/posts\/441319\/revisions"}],"wp:featuredmedia":[{"embeddable":true,"href":"https:\/\/www.europesays.com\/fr\/wp-json\/wp\/v2\/media\/441320"}],"wp:attachment":[{"href":"https:\/\/www.europesays.com\/fr\/wp-json\/wp\/v2\/media?parent=441319"}],"wp:term":[{"taxonomy":"category","embeddable":true,"href":"https:\/\/www.europesays.com\/fr\/wp-json\/wp\/v2\/categories?post=441319"},{"taxonomy":"post_tag","embeddable":true,"href":"https:\/\/www.europesays.com\/fr\/wp-json\/wp\/v2\/tags?post=441319"}],"curies":[{"name":"wp","href":"https:\/\/api.w.org\/{rel}","templated":true}]}}