{"id":44132,"date":"2025-04-22T14:11:11","date_gmt":"2025-04-22T14:11:11","guid":{"rendered":"https:\/\/www.europesays.com\/fr\/44132\/"},"modified":"2025-04-22T14:11:11","modified_gmt":"2025-04-22T14:11:11","slug":"une-frappe-russe-vise-odessa-avant-la-reprise-des-negociations-de-paix","status":"publish","type":"post","link":"https:\/\/www.europesays.com\/fr\/44132\/","title":{"rendered":"Une frappe russe vise Odessa avant la reprise des n\u00e9gociations de paix"},"content":{"rendered":"<p>Des drones russes ont attaqu\u00e9 la ville portuaire ukrainienne d\u2019Odessa lors d\u2019une attaque nocturne, ont annonc\u00e9 mardi les autorit\u00e9s locales.<\/p>\n<p>Cette frappe est survenue moins de 24\u00a0heures apr\u00e8s la fin d\u2019un pr\u00e9tendu cessez-le-feu de P\u00e2ques, d\u00e9clar\u00e9 unilat\u00e9ralement par Moscou, et un peu plus d\u2019un jour avant la r\u00e9union pr\u00e9vue \u00e0 Londres entre des responsables ukrainiens, britanniques, fran\u00e7ais et am\u00e9ricains pour discuter de la guerre.<\/p>\n<p>L\u2019attente grandit quant \u00e0 la capacit\u00e9 des efforts diplomatiques \u00e0 mettre fin \u00e0 plus de trois ans de combats depuis l\u2019invasion russe de son voisin.<\/p>\n<p>La semaine derni\u00e8re, le pr\u00e9sident am\u00e9ricain Donald Trump a d\u00e9clar\u00e9 que les n\u00e9gociations \u00abatteignaient leur paroxysme\u00bb et a insist\u00e9 sur le fait qu\u2019aucune des deux parties ne se moquait de lui dans ses efforts pour mettre fin \u00e0 cette guerre meurtri\u00e8re.<\/p>\n<p>La semaine derni\u00e8re, le secr\u00e9taire d\u2019\u00c9tat Marco Rubio a laiss\u00e9 entendre que les \u00c9tats-Unis pourraient bient\u00f4t se retirer compl\u00e8tement des n\u00e9gociations si celles-ci n\u2019avan\u00e7aient pas.<\/p>\n<p>Il s\u2019est exprim\u00e9 \u00e0 Paris apr\u00e8s que des discussions entre des responsables am\u00e9ricains, ukrainiens et europ\u00e9ens ont permis de d\u00e9finir les grandes lignes des \u00e9tapes vers la paix et semblent avoir enregistr\u00e9 des progr\u00e8s attendus depuis longtemps.<\/p>\n<p>Une nouvelle r\u00e9union est pr\u00e9vue mercredi \u00e0 Londres, et M.\u00a0Rubio a sugg\u00e9r\u00e9 qu\u2019elle pourrait \u00eatre d\u00e9cisive pour d\u00e9terminer si l\u2019administration Trump poursuivra son engagement. <\/p>\n<p><b>Attaque \u00e0 Odessa<\/b><\/p>\n<p>Odessa a subi une attaque importante de drones russes au cours de la nuit de lundi \u00e0 mardi, blessant au moins trois personnes, a \u00e9crit mardi le chef de l\u2019administration r\u00e9gionale d\u2019Odessa, Oleg Kiper, sur sa page Telegram.<\/p>\n<p>Un immeuble r\u00e9sidentiel situ\u00e9 dans une zone urbaine dens\u00e9ment peupl\u00e9e, des infrastructures civiles et un \u00e9tablissement d\u2019enseignement ont \u00e9t\u00e9 touch\u00e9s, a-t-il pr\u00e9cis\u00e9.<\/p>\n<p>L\u2019arm\u00e9e de l\u2019air ukrainienne a indiqu\u00e9 que la Russie avait tir\u00e9 54\u00a0drones Shahed et leurres sur l\u2019Ukraine dans la nuit, marquant la reprise des attaques \u00e0 longue port\u00e9e qui ont ravag\u00e9 des zones civiles et sem\u00e9 la terreur tout au long de la guerre.<\/p>\n<p>Ces derniers mois, la Russie a intensifi\u00e9 son utilisation des drones Shahed, augmentant sa production d\u2019armes et perfectionnant ses tactiques, a affirm\u00e9 l\u2019International Institute for Strategic Studies dans une analyse publi\u00e9e r\u00e9cemment.<\/p>\n<p>Apr\u00e8s la d\u00e9claration d\u2019un cessez-le-feu unilat\u00e9ral par le pr\u00e9sident Vladimir Poutine samedi, l\u2019Ukraine s\u2019est dite pr\u00eate \u00e0 riposter, mais a d\u00e9clar\u00e9 que les attaques russes se poursuivaient. Le pr\u00e9sident ukrainien Volodymyr Zelensky a soutenu que la Russie avait viol\u00e9 le cessez-le-feu \u00e0 plus de 2900 reprises.<\/p>\n<p>L\u2019Associated Press n\u2019a pas pu v\u00e9rifier si un cessez-le-feu \u00e9tait en vigueur le long de la ligne de front d\u2019environ 1000 kilom\u00e8tres. <\/p>\n<p>La Russie a rejet\u00e9 la proposition am\u00e9ricaine d\u2019un arr\u00eat imm\u00e9diat et total des combats pendant 30\u00a0jours, en imposant des conditions de grande envergure.<\/p>\n<p>Par ailleurs, la Russie et l\u2019Ukraine se pr\u00e9parent \u00e0 la campagne militaire du printemps et de l\u2019\u00e9t\u00e9, selon des responsables ukrainiens et occidentaux.<\/p>\n","protected":false},"excerpt":{"rendered":"Des drones russes ont attaqu\u00e9 la ville portuaire ukrainienne d\u2019Odessa lors d\u2019une attaque nocturne, ont annonc\u00e9 mardi les&hellip;\n","protected":false},"author":2,"featured_media":44133,"comment_status":"","ping_status":"","sticky":false,"template":"","format":"standard","meta":{"footnotes":""},"categories":[1590],"tags":[11,1777,674,1854,4576,12,220],"class_list":{"0":"post-44132","1":"post","2":"type-post","3":"status-publish","4":"format-standard","5":"has-post-thumbnail","7":"category-ukraine","8":"tag-actualites","9":"tag-eu","10":"tag-europe","11":"tag-https-lactualite-com-sujet-international","12":"tag-https-lactualite-com-sujet-politique","13":"tag-news","14":"tag-ukraine"},"share_on_mastodon":{"url":"","error":""},"_links":{"self":[{"href":"https:\/\/www.europesays.com\/fr\/wp-json\/wp\/v2\/posts\/44132","targetHints":{"allow":["GET"]}}],"collection":[{"href":"https:\/\/www.europesays.com\/fr\/wp-json\/wp\/v2\/posts"}],"about":[{"href":"https:\/\/www.europesays.com\/fr\/wp-json\/wp\/v2\/types\/post"}],"author":[{"embeddable":true,"href":"https:\/\/www.europesays.com\/fr\/wp-json\/wp\/v2\/users\/2"}],"replies":[{"embeddable":true,"href":"https:\/\/www.europesays.com\/fr\/wp-json\/wp\/v2\/comments?post=44132"}],"version-history":[{"count":0,"href":"https:\/\/www.europesays.com\/fr\/wp-json\/wp\/v2\/posts\/44132\/revisions"}],"wp:featuredmedia":[{"embeddable":true,"href":"https:\/\/www.europesays.com\/fr\/wp-json\/wp\/v2\/media\/44133"}],"wp:attachment":[{"href":"https:\/\/www.europesays.com\/fr\/wp-json\/wp\/v2\/media?parent=44132"}],"wp:term":[{"taxonomy":"category","embeddable":true,"href":"https:\/\/www.europesays.com\/fr\/wp-json\/wp\/v2\/categories?post=44132"},{"taxonomy":"post_tag","embeddable":true,"href":"https:\/\/www.europesays.com\/fr\/wp-json\/wp\/v2\/tags?post=44132"}],"curies":[{"name":"wp","href":"https:\/\/api.w.org\/{rel}","templated":true}]}}