{"id":441323,"date":"2025-10-05T18:57:15","date_gmt":"2025-10-05T18:57:15","guid":{"rendered":"https:\/\/www.europesays.com\/fr\/441323\/"},"modified":"2025-10-05T18:57:15","modified_gmt":"2025-10-05T18:57:15","slug":"le-rc-strasbourg-ecrase-angers-et-monte-sur-le-podium","status":"publish","type":"post","link":"https:\/\/www.europesays.com\/fr\/441323\/","title":{"rendered":"le RC Strasbourg \u00e9crase Angers et monte sur le podium"},"content":{"rendered":"<p><strong>RC\u00a0Strasbourg\u00a0&#8211; Sco Angers\u00a0: 5-0<\/strong><\/p>\n<p>Strasbourg a \u00e9parpill\u00e9 Angers gr\u00e2ce notamment \u00e0 deux doubl\u00e9s de Joaquin Panichelli et Martial Godo, dimanche 5\u00a0octobre, pour monter sur la troisi\u00e8me marche du podium (5-0).\u00a0Apr\u00e8s sa victoire \u00e0 Bratislava face au Slovan (2-1) en Ligue Conf\u00e9rence jeudi, Strasbourg a conclu une semaine r\u00e9ussie en s\u2019installant \u00e0 la troisi\u00e8me place du championnat (15 points).\u00a0Angers, qui n\u2019a eu qu\u2019une occasion, une t\u00eate de Prosper Peter capt\u00e9e par Mike Penders (45e), conc\u00e8de un troisi\u00e8me revers d\u2019affil\u00e9e et reste avant-dernier avec cinq points.<\/p>\n<p>Quatre buts en 20 minutes<\/p>\n<p>L\u2019entra\u00eeneur du club alsacien, Liam Rosenior, a effectu\u00e9 cinq changements par rapport au onze vainqueur en Slovaquie et apr\u00e8s 25 minutes p\u00e9nibles, l\u2019Argentin Joaquin Panichelli a montr\u00e9 la voie en reprenant victorieusement une offrande de son compatriote Valentin Barco (1-0, 36e).<\/p>\n<p>Apr\u00e8s l\u2019ennui du premier acte, les jeunes Alsaciens ont ensuite d\u00e9roul\u00e9 en inscrivant quatre buts en dix-neuf minutes.\u00a0C\u2019est d\u2019abord Panichelli qui a inscrit son troisi\u00e8me but de la saison apr\u00e8s un service du Tourangeau F\u00e9lix Lemar\u00e9chal (2-0, 51e) puis Abdoul Ouattara, buteur \u00e0 Bratislava et \u00e0 Marseille dimanche dernier, n\u2019a laiss\u00e9 aucune chance \u00e0 Herv\u00e9 Koffi (3-0, 61e).<\/p>\n<p>Doubl\u00e9 de Godo en quatre minutes<\/p>\n<p>Martial Godo a inscrit ensuite un doubl\u00e9 en quatre minutes (4-0, 66e\u00a0; 5-0, 70e), le premier but d\u2019un genou en se jetant apr\u00e8s un tir de Lemar\u00e9chal, le second en reprenant avec succ\u00e8s un tir de Panichelli repouss\u00e9 par le portier angevin.<\/p>\n<p>\u00ab\u00a0BlueCo Out\u00a0\u00bb<\/p>\n<p>C\u00f4t\u00e9 tribune, quatre associations de supporteurs, ultras en t\u00eate, ont encore affich\u00e9 leur m\u00e9contentement envers BlueCo, consortium am\u00e9ricain \u00e0 la t\u00eate de Strasbourg mais aussi de Chelsea, avec une nouvelle banderole d\u00e9ploy\u00e9e en d\u00e9but de seconde p\u00e9riode fustigeant la r\u00e9pression du club qui leur a impos\u00e9 des r\u00e8gles strictes ces derni\u00e8res semaines et rappelant qu\u2019ils \u00e9taient ouverts au dialogue.<\/p>\n<p>En gr\u00e8ve totale des encouragements contre Marseille, ces supporteurs ont choisi de se taire dans le deuxi\u00e8me acte, comme annonc\u00e9 dans un communiqu\u00e9 publi\u00e9 avant la rencontre. Plusieurs dizaines d\u2019entre eux ont quitt\u00e9 les tribunes apr\u00e8s le quatri\u00e8me but, sous les sifflets d\u2019autres supporteurs qui chantaient \u00ab\u00a0auf wiedersehen\u00a0\u00bb (au revoir, en allemand), apr\u00e8s que leur banderole \u00ab\u00a0BlueCo Out\u00a0\u00bb a \u00e9t\u00e9 enlev\u00e9e par la s\u00e9curit\u00e9 du Stade de la Meinau.<\/p>\n<p><strong>Mi-temps\u00a0: <\/strong>1-0.<br \/><strong>Arbitre\u00a0: <\/strong>M.\u00a0Paradis.<br \/><strong>Buts\u00a0:<\/strong> J.\u00a0Panichelli (36e, 51e), A.\u00a0Ouattara (61e), M.\u00a0Godo (66e, 70e).<br \/><strong>Avertissements :<\/strong> \u00e0 Strasbourg, V.\u00a0Barco (26e), D. Moreira (59e) ; pour Angers, H. Belkebla (6e), O. Camara (79e).<\/p>\n","protected":false},"excerpt":{"rendered":"RC\u00a0Strasbourg\u00a0&#8211; Sco Angers\u00a0: 5-0 Strasbourg a \u00e9parpill\u00e9 Angers gr\u00e2ce notamment \u00e0 deux doubl\u00e9s de Joaquin Panichelli et Martial&hellip;\n","protected":false},"author":2,"featured_media":441324,"comment_status":"","ping_status":"","sticky":false,"template":"","format":"standard","meta":{"footnotes":""},"categories":[2820],"tags":[1111,11,1777,674,63,1011,27,775,66,12,25,60,640],"class_list":{"0":"post-441323","1":"post","2":"type-post","3":"status-publish","4":"format-standard","5":"has-post-thumbnail","7":"category-strasbourg","8":"tag-actu","9":"tag-actualites","10":"tag-eu","11":"tag-europe","12":"tag-football","13":"tag-fr","14":"tag-france","15":"tag-grand-est","16":"tag-ligue-1","17":"tag-news","18":"tag-republique-francaise","19":"tag-sports","20":"tag-strasbourg"},"share_on_mastodon":{"url":"https:\/\/pubeurope.com\/@fr\/115323092612345505","error":""},"_links":{"self":[{"href":"https:\/\/www.europesays.com\/fr\/wp-json\/wp\/v2\/posts\/441323","targetHints":{"allow":["GET"]}}],"collection":[{"href":"https:\/\/www.europesays.com\/fr\/wp-json\/wp\/v2\/posts"}],"about":[{"href":"https:\/\/www.europesays.com\/fr\/wp-json\/wp\/v2\/types\/post"}],"author":[{"embeddable":true,"href":"https:\/\/www.europesays.com\/fr\/wp-json\/wp\/v2\/users\/2"}],"replies":[{"embeddable":true,"href":"https:\/\/www.europesays.com\/fr\/wp-json\/wp\/v2\/comments?post=441323"}],"version-history":[{"count":0,"href":"https:\/\/www.europesays.com\/fr\/wp-json\/wp\/v2\/posts\/441323\/revisions"}],"wp:featuredmedia":[{"embeddable":true,"href":"https:\/\/www.europesays.com\/fr\/wp-json\/wp\/v2\/media\/441324"}],"wp:attachment":[{"href":"https:\/\/www.europesays.com\/fr\/wp-json\/wp\/v2\/media?parent=441323"}],"wp:term":[{"taxonomy":"category","embeddable":true,"href":"https:\/\/www.europesays.com\/fr\/wp-json\/wp\/v2\/categories?post=441323"},{"taxonomy":"post_tag","embeddable":true,"href":"https:\/\/www.europesays.com\/fr\/wp-json\/wp\/v2\/tags?post=441323"}],"curies":[{"name":"wp","href":"https:\/\/api.w.org\/{rel}","templated":true}]}}