{"id":441325,"date":"2025-10-05T18:58:11","date_gmt":"2025-10-05T18:58:11","guid":{"rendered":"https:\/\/www.europesays.com\/fr\/441325\/"},"modified":"2025-10-05T18:58:11","modified_gmt":"2025-10-05T18:58:11","slug":"plusieurs-vehicules-ont-pris-feu-dans-la-nuit-de-samedi-a-dimanche-a-nice-ouest","status":"publish","type":"post","link":"https:\/\/www.europesays.com\/fr\/441325\/","title":{"rendered":"Plusieurs v\u00e9hicules ont pris feu dans la nuit de samedi \u00e0 dimanche, \u00e0 Nice-Ouest"},"content":{"rendered":"<p class=\"fs-5 \">L\u2019image est impressionnante. Dans la nuit de samedi \u00e0 dimanche, vers 1h30, une voiture et un scooter ont pris feu, boulevard Ren\u00e9-Cassin, \u00e0 Nice.<\/p>\n<p class=\"fs-5 \">D\u2019autres v\u00e9hicules ont \u00e9t\u00e9 l\u00e9g\u00e8rement endommag\u00e9s, mais les d\u00e9g\u00e2ts restent mineurs.<\/p>\n<p class=\"fs-5 \">En tout, six sapeurs-pompiers se sont d\u00e9plac\u00e9s pour contr\u00f4ler l\u2019incendie. Ce qui est marquant, c\u2019est que les faits se sont d\u00e9roul\u00e9s en face de l\u2019Intermarch\u00e9, o\u00f9 se trouvait jadis le Casino Ferber.<\/p>\n<p class=\"fs-5 \"><strong>Trois morts, il y a 31 ans<\/strong><\/p>\n<p class=\"fs-5 \">Le 26 janvier 1994, alors qu\u2019il \u00e9tait en travaux, <a href=\"https:\/\/www.nicematin.com\/societe\/vie-locale\/son-toit-s-etait-effondre-sur-les-clients-il-y-a-30-ans-le-casino-ferber-a-ferme-une-page-de-l-histoire-de-nice-se-tourne-949244\" rel=\"nofollow noopener\" target=\"_blank\">la dalle de l\u2019ancien supermarch\u00e9 s\u2019est d\u00e9croch\u00e9e en pleine journ\u00e9e<\/a>. Trois personnes ont \u00e9t\u00e9 tu\u00e9es et 116 bless\u00e9es, dont certaines gri\u00e8vement.<\/p>\n<p class=\"fs-5 \">Trois responsables de l\u2019entreprise Casino et quatre du chantier ont \u00e9t\u00e9 poursuivies pour homicides et blessures involontaires.<\/p>\n<p class=\"fs-5 \">Finalement, cinq d\u2019entre elles ont \u00e9t\u00e9 condamn\u00e9es \u00e0 de la prison avec sursis.<\/p>\n<p class=\"fs-5 \">\u00ab Ce sont des explosions de pneus qui nous ont alert\u00e9s mais, en r\u00e9sonance avec cette histoire, les habitants ont eu peur \u00bb, t\u00e9moigne une riveraine. Heureusement, ce n\u2019\u00e9tait rien de comparable.<\/p>\n","protected":false},"excerpt":{"rendered":"L\u2019image est impressionnante. Dans la nuit de samedi \u00e0 dimanche, vers 1h30, une voiture et un scooter ont&hellip;\n","protected":false},"author":2,"featured_media":441326,"comment_status":"","ping_status":"","sticky":false,"template":"","format":"standard","meta":{"footnotes":""},"categories":[2819],"tags":[1111,11,1777,674,1011,27,12,2401,882,25],"class_list":{"0":"post-441325","1":"post","2":"type-post","3":"status-publish","4":"format-standard","5":"has-post-thumbnail","7":"category-nice","8":"tag-actu","9":"tag-actualites","10":"tag-eu","11":"tag-europe","12":"tag-fr","13":"tag-france","14":"tag-news","15":"tag-nice","16":"tag-provence-alpes-cote-dazur","17":"tag-republique-francaise"},"share_on_mastodon":{"url":"https:\/\/pubeurope.com\/@fr\/115323096582936142","error":""},"_links":{"self":[{"href":"https:\/\/www.europesays.com\/fr\/wp-json\/wp\/v2\/posts\/441325","targetHints":{"allow":["GET"]}}],"collection":[{"href":"https:\/\/www.europesays.com\/fr\/wp-json\/wp\/v2\/posts"}],"about":[{"href":"https:\/\/www.europesays.com\/fr\/wp-json\/wp\/v2\/types\/post"}],"author":[{"embeddable":true,"href":"https:\/\/www.europesays.com\/fr\/wp-json\/wp\/v2\/users\/2"}],"replies":[{"embeddable":true,"href":"https:\/\/www.europesays.com\/fr\/wp-json\/wp\/v2\/comments?post=441325"}],"version-history":[{"count":0,"href":"https:\/\/www.europesays.com\/fr\/wp-json\/wp\/v2\/posts\/441325\/revisions"}],"wp:featuredmedia":[{"embeddable":true,"href":"https:\/\/www.europesays.com\/fr\/wp-json\/wp\/v2\/media\/441326"}],"wp:attachment":[{"href":"https:\/\/www.europesays.com\/fr\/wp-json\/wp\/v2\/media?parent=441325"}],"wp:term":[{"taxonomy":"category","embeddable":true,"href":"https:\/\/www.europesays.com\/fr\/wp-json\/wp\/v2\/categories?post=441325"},{"taxonomy":"post_tag","embeddable":true,"href":"https:\/\/www.europesays.com\/fr\/wp-json\/wp\/v2\/tags?post=441325"}],"curies":[{"name":"wp","href":"https:\/\/api.w.org\/{rel}","templated":true}]}}