{"id":441327,"date":"2025-10-05T18:59:19","date_gmt":"2025-10-05T18:59:19","guid":{"rendered":"https:\/\/www.europesays.com\/fr\/441327\/"},"modified":"2025-10-05T18:59:19","modified_gmt":"2025-10-05T18:59:19","slug":"lemotion-et-le-ras-le-bol-des-habitants","status":"publish","type":"post","link":"https:\/\/www.europesays.com\/fr\/441327\/","title":{"rendered":"l&rsquo;\u00e9motion et le ras-le-bol des habitants"},"content":{"rendered":"<p>      lire plus tard<\/p>\n<p id=\"dialog__title\" class=\"dialog__title\">Pour sauvegarder cet article, connectez-vous ou cr\u00e9ez un compte franceinfo<\/p>\n<p class=\"dialog__description\">Sans paiement. Sans abonnement.<\/p>\n<p>        Fermer la fen\u00eatre d\u2019activation des notifications France Info<\/p>\n<p>      cr\u00e9er votre compte<\/p>\n<p>      se connecter<\/p>\n<p>        Fermer la fen\u00eatre de pr\u00e9sentation<\/p>\n<p>    Publi\u00e9 le 05\/10\/2025 20:37<\/p>\n<p>      Mis \u00e0 jour le 05\/10\/2025 20:39<\/p>\n<p>        Temps de lecture : 2min &#8211; vid\u00e9o : 2min<\/p>\n<p>    <img decoding=\"async\" class=\"francetv-player-wrapper__image\" alt=\"\"  width=\"432\" height=\"243\" src=\"https:\/\/www.europesays.com\/fr\/wp-content\/uploads\/2025\/10\/nice-68e2b6d835240228503932.jpg\" fetchpriority=\"high\"\/><\/p>\n<p>      2min<\/p>\n<p>\n  Apr\u00e8s la fusillade qui a fait deux victimes \u00e0 Nice dans la soir\u00e9e du vendredi 3 octobre, l&rsquo;heure est au recueillement pour les habitants, qui ne se sentent plus du tout en s\u00e9curit\u00e9.\n<\/p>\n<p><strong>Ce texte correspond \u00e0 une partie de la retranscription du reportage ci-dessus. Cliquez sur la vid\u00e9o pour le regarder en int\u00e9gralit\u00e9.<\/strong><\/p>\n<p>Au pied de l&rsquo;immeuble de l&rsquo;une des victimes de la fusillade, <a href=\"https:\/\/www.franceinfo.fr\/faits-divers\/fusillade-a-nice-l-emotion-est-grande-le-ras-le-bol-egalement-temoigne-un-president-d-association-de-parents-d-eleves-du-quartier-des-moulins_7533127.html\" target=\"_self\" rel=\"noopener noreferrer nofollow\" data-tooltip-url=\"https:\/\/www.franceinfo.fr\/faits-divers\/fusillade-a-nice-l-emotion-est-grande-le-ras-le-bol-egalement-temoigne-un-president-d-association-de-parents-d-eleves-du-quartier-des-moulins_7533127.html\">le recueillement et les pri\u00e8res<\/a>. L&rsquo;homme de 59 ans appartenait \u00e0 la communaut\u00e9 tch\u00e9tch\u00e8ne. Depuis samedi, sa famille et ses proches sont venus lui rendre un dernier hommage. Notre \u00e9quipe a pu parler avec l&rsquo;une des personnes pr\u00e9sentes lors des coups de feu. \u00ab\u00a0On entendait des tirs, mais on aurait dit des p\u00e9tards. Et d&rsquo;un coup, on a vu que c&rsquo;est une voiture qui tirait. Elle tirait par terre, en l&rsquo;air, \u00e0 droite, \u00e0 gauche. \u00c0 ce moment-l\u00e0, on a paniqu\u00e9. J&rsquo;ai dit \u00e0 tout le monde : &lsquo;Couchez-vous'\u00a0\u00bb, explique le t\u00e9moin.<\/p>\n<p>C&rsquo;est sur une place que deux de ses amis sont touch\u00e9s. Un troisi\u00e8me d\u00e9c\u00e8de imm\u00e9diatement. L&rsquo;homme tente d&rsquo;aider comme il peut : \u00ab\u00a0J&rsquo;ai mis ma ceinture pour qu&rsquo;ils ne perdent pas de sang. On a appel\u00e9 les pompiers et attendu 1h qu&rsquo;ils arrivent. C&rsquo;est triste, de perdre une personne qui \u00e9tait vraiment exceptionnelle avec nous. On n&rsquo;y croit pas encore\u00a0\u00bb.<\/p>\n<p>Vendredi soir dans le quartier des Moulins \u00e0 Nice (Alpes-Maritimes), plusieurs personnes dans une voiture ouvrent le feu, arm\u00e9es de fusils kalachnikov. Cinq habitants sont bless\u00e9s, deux sont tu\u00e9s. Le v\u00e9hicule utilis\u00e9 est retrouv\u00e9 \u00e0 25 km de Nice, calcin\u00e9. Il a \u00e9t\u00e9 vol\u00e9 \u00e0 Marseille (Bouches-du-Rh\u00f4ne) et poss\u00e8de de fausses plaques d&rsquo;immatriculation. Les suspects, eux, sont toujours en fuite. Si la fusillade a eu lieu pr\u00e8s d&rsquo;un point de deal, plusieurs victimes n&rsquo;ont aucun lien avec le trafic de stup\u00e9fiants.<\/p>\n<p>Adriano, 38 ans, a grandi dans ce quartier. Petit \u00e0 petit, il a vu les drames se multiplier : \u00ab\u00a0Ce qui est gla\u00e7ant, c&rsquo;est qu&rsquo;on est maintenant habitu\u00e9s. \u00c7a ne nous fait m\u00eame plus peur. \u00c7a ne nous \u00e9tonne m\u00eame plus. C&rsquo;est malheureux\u00a0\u00bb.<\/p>\n<p>Le quartier des Moulins, \u00e0 l&rsquo;ouest de Nice, est enclav\u00e9 entre l&rsquo;autoroute et l&rsquo;a\u00e9roport. \u00c0 l&rsquo;int\u00e9rieur de la cit\u00e9, le trafic de stup\u00e9fiants est r\u00e9gulier devant les immeubles. Malgr\u00e9 les 75 millions d&rsquo;euros investis par l&rsquo;\u00c9tat pour r\u00e9nover la zone, les riverains ne se sentent plus en s\u00e9curit\u00e9. 60 CRS sont venus en renfort \u00e0 Nice pour patrouiller dans le quartier, mais leur pr\u00e9sence n&rsquo;est que provisoire.<\/p>\n","protected":false},"excerpt":{"rendered":"lire plus tard Pour sauvegarder cet article, connectez-vous ou cr\u00e9ez un compte franceinfo Sans paiement. Sans abonnement. Fermer&hellip;\n","protected":false},"author":2,"featured_media":441328,"comment_status":"","ping_status":"","sticky":false,"template":"","format":"standard","meta":{"footnotes":""},"categories":[2819],"tags":[1111,11,1777,674,1011,27,12,2401,882,25],"class_list":{"0":"post-441327","1":"post","2":"type-post","3":"status-publish","4":"format-standard","5":"has-post-thumbnail","7":"category-nice","8":"tag-actu","9":"tag-actualites","10":"tag-eu","11":"tag-europe","12":"tag-fr","13":"tag-france","14":"tag-news","15":"tag-nice","16":"tag-provence-alpes-cote-dazur","17":"tag-republique-francaise"},"share_on_mastodon":{"url":"https:\/\/pubeurope.com\/@fr\/115323101041996687","error":""},"_links":{"self":[{"href":"https:\/\/www.europesays.com\/fr\/wp-json\/wp\/v2\/posts\/441327","targetHints":{"allow":["GET"]}}],"collection":[{"href":"https:\/\/www.europesays.com\/fr\/wp-json\/wp\/v2\/posts"}],"about":[{"href":"https:\/\/www.europesays.com\/fr\/wp-json\/wp\/v2\/types\/post"}],"author":[{"embeddable":true,"href":"https:\/\/www.europesays.com\/fr\/wp-json\/wp\/v2\/users\/2"}],"replies":[{"embeddable":true,"href":"https:\/\/www.europesays.com\/fr\/wp-json\/wp\/v2\/comments?post=441327"}],"version-history":[{"count":0,"href":"https:\/\/www.europesays.com\/fr\/wp-json\/wp\/v2\/posts\/441327\/revisions"}],"wp:featuredmedia":[{"embeddable":true,"href":"https:\/\/www.europesays.com\/fr\/wp-json\/wp\/v2\/media\/441328"}],"wp:attachment":[{"href":"https:\/\/www.europesays.com\/fr\/wp-json\/wp\/v2\/media?parent=441327"}],"wp:term":[{"taxonomy":"category","embeddable":true,"href":"https:\/\/www.europesays.com\/fr\/wp-json\/wp\/v2\/categories?post=441327"},{"taxonomy":"post_tag","embeddable":true,"href":"https:\/\/www.europesays.com\/fr\/wp-json\/wp\/v2\/tags?post=441327"}],"curies":[{"name":"wp","href":"https:\/\/api.w.org\/{rel}","templated":true}]}}