{"id":441334,"date":"2025-10-05T19:04:14","date_gmt":"2025-10-05T19:04:14","guid":{"rendered":"https:\/\/www.europesays.com\/fr\/441334\/"},"modified":"2025-10-05T19:04:14","modified_gmt":"2025-10-05T19:04:14","slug":"opera-national-du-capitole-claire-roserot-de-melin","status":"publish","type":"post","link":"https:\/\/www.europesays.com\/fr\/441334\/","title":{"rendered":"Op\u00e9ra national du Capitole \u2022 Claire Roserot de Melin"},"content":{"rendered":"<p>A l\u2019heure o\u00f9 sonne le glas en France de nombreuses institutions culturelles, il nous a sembl\u00e9 opportun d\u2019interpeller Claire Roserot de Melin, Directrice G\u00e9n\u00e9rale de l\u2019Etablissement public du Capitole, en fait la Ministre des finances et du budget de l\u2019<a href=\"https:\/\/www.culture31.com\/opera-national-capitole\" target=\"_blank\" rel=\"noreferrer noopener nofollow\">Op\u00e9ra national du Capitole<\/a>.\u00a0 C\u2019est, comme \u00e0 son habitude, sans langue de bois ni de coton, qu\u2019elle a bien voulu r\u00e9pondre \u00e0 toutes nos questions. Il faut dire que certains chiffres sont plut\u00f4t r\u00e9jouissants\u00a0!<\/p>\n<p>Rencontre<\/p>\n<p><img decoding=\"async\" src=\"https:\/\/www.europesays.com\/fr\/wp-content\/uploads\/2025\/05\/claire-roserot-de-melin.jpg\" alt=\"Claire Roserot De Melin\" class=\"wp-image-107713\" width=\"730\"\/>Claire Roserot de Melin, Directrice g\u00e9n\u00e9rale de l\u2019Etablissement public du Capitole<\/p>\n<p><strong>Classictoulouse\u00a0: Lorsque nous nous sommes rencontr\u00e9s en avril 2025, la saison derni\u00e8re n\u2019\u00e9tait pas finie. Quels ont \u00e9t\u00e9 les chiffres les plus significatifs de sa fr\u00e9quentation\u00a0?<\/strong><\/p>\n<p><strong>Claire Roserot de Melin<\/strong>\u00a0: J\u2019ignore si la saison 24\/25 a \u00e9t\u00e9 une ann\u00e9e record car je n\u2019ai pas assez de profondeur historique sur ce genre de statistiques. En revanche, je sais que nous avons \u00e9t\u00e9 \u00e0 94% de taux de remplissage, un taux qui est port\u00e9 par une dynamique croissante depuis plusieurs ann\u00e9es. Se pose d\u2019ores et d\u00e9j\u00e0 le probl\u00e8me des limites sur lesquelles nous allons in\u00e9vitablement buter\u00a0: le nombre de places, car une fois le taux de 100% atteint, et cela nous arrive, que faire\u00a0? Si ce ne sont des m\u00e9contents qui n\u2019auront pas eu de place\u00a0! Les murs ne sont pas extensibles tout comme le nombre de fauteuils\u2026 Nous ajoutons r\u00e9guli\u00e8rement des repr\u00e9sentations, mais les calendriers, autant des artistes (r\u00e9p\u00e9titions et repr\u00e9sentations) que de la technique (montage et d\u00e9montage des d\u00e9cors) sont d\u00e9j\u00e0 tr\u00e8s tendus.\u00a0 C\u2019est la ran\u00e7on du succ\u00e8s me direz-vous\u00a0! En tout cas, nous avons accueilli la saison derni\u00e8re presque 200\u00a0000 spectateurs, quelle joie\u00a0! Je peux ajouter que gr\u00e2ce \u00e0 notre politique tarifaire nous touchons un public tr\u00e8s diversifi\u00e9 en terme de CSP. Autre grande satisfaction, quasiment le \u00bc de notre public a moins de 27 ans. Ces jeunes spectateurs qui poussent r\u00e9guli\u00e8rement les portes de notre maison sont le public de demain autant que d\u2019aujourd\u2019hui, ne l\u2019oublions jamais. Sur ce dernier point, il est vrai que nous menons une politique tr\u00e8s volontariste \u00e0 leur endroit avec, nommant, la cr\u00e9ation du Club Capitole Jeune pour les moins de 27 ans qui a d\u00e9j\u00e0 plus d\u2019une centaine d\u2019adh\u00e9rents. Sans oublier bien s\u00fbr le Pass Jeune. Nous travaillons \u00e9galement beaucoup avec les scolaires que nous accueillons accompagn\u00e9s de leurs professeurs au Capitole. C\u2019est une activit\u00e9 fondamentale que nous suivons de tr\u00e8s pr\u00e8s car notre souhait, ne le cachons pas, est que ces visites p\u00e9dagogiques aboutissent un jour \u00e0 la venue \u00ab\u00a0autonome\u00a0\u00bb au spectacle.<\/p>\n<p><strong>Nous sommes \u00e0 quelques jours de l\u2019ouverture de la saison 25\/26 de l\u2019Op\u00e9ra national du Capitole. La dynamique qui semblait se profiler lors de notre dernier entretien, alors que la billetterie venait d\u2019ouvrir, s\u2019est-elle confirm\u00e9e\u00a0?<\/strong><\/p>\n<p>Billets \u00e0 l\u2019unit\u00e9 et abonnements sont en augmentation de 45% par rapport \u00e0 la saison pr\u00e9c\u00e9dente ce jour. La dynamique est \u00e9norme. D\u2019ores et d\u00e9j\u00e0 plusieurs soir\u00e9es sont compl\u00e8tes, dont certaines n\u2019auront lieu qu\u2019en juin 2026\u00a0! Alors, vous allez me demander pourquoi nous ne faisons pas de repr\u00e9sentations suppl\u00e9mentaires. Je vous ai r\u00e9pondu techniquement plus haut mais je dois compl\u00e9ter en vous faisant remarquer que nous programmons des s\u00e9ries de plus en plus longues. Par exemple\u00a0: 9\u00a0Don Giovanni, 8\u00a0Lucia di Lammermoor, 8 Carmen, 9\u00a0Casse-noisette\u2026 Par rapport aux r\u00e9centes saisons pass\u00e9es, nos s\u00e9ries sont plus longues mais, si nous voulons continuer, et c\u2019est notre souhait, d\u2019avoir 7 ouvrages lyriques par saison, nous ne pouvons gu\u00e8re pousser ce curseur, si ce n\u2019est vraiment \u00e0 la marge. Donc l\u2019augmentation du nombre de places propos\u00e9es au public est significative.<\/p>\n<p><strong>Don Giovanni\u00a0et\u00a0Otello, ainsi que\u00a0Casse-noisette\u00a0\u00e9taient alors les spectacles fl\u00e9ch\u00e9s par le public. O\u00f9 en est-on aujourd\u2019hui\u00a0?<\/strong><\/p>\n<p>Sur\u00a0Casse-noisette\u00a0nous sommes d\u00e9j\u00e0 \u00e0 87% de remplissage, sur l\u2019Hommage \u00e0 Ravel, 83%,\u00a0Carmen\u00a0et\u00a0Don Giovanni\u00a0d\u00e9passent les 90%,\u00a0Tha\u00efs\u00a0est quasiment \u00e0 100%. Nous esp\u00e9rons, en toute confiance d\u2019ailleurs, que le public va r\u00e9pondre \u00e0 notre proposition de la cr\u00e9ation \u00e0 Toulouse, et en France, de\u00a0La Passag\u00e8re, tout comme il l\u2019a fait pour\u00a0Voyage d\u2019Automne\u00a0l\u2019an pass\u00e9.<\/p>\n<p><strong>Au mois d\u2019avril dernier vous nous avez confi\u00e9 \u00eatre dans le plus grand flou financier concernant le montant des subventions m\u00e9tropolitaines \u00e0 venir\u2026<\/strong><\/p>\n<p>Nous ne sommes plus dans le flou je vous rassure. Cette subvention a \u00e9t\u00e9 revue \u00e0 la baisse en responsabilit\u00e9 commune sur des choix que le Capitole a d\u00fb faire afin de contribuer \u00e0 l\u2019effort g\u00e9n\u00e9ral. La fid\u00e9lit\u00e9 et l\u2019engouement de notre public pour ce que propose Christophe Ghristi, tant en termes de titres que d\u2019interpr\u00e8tes, sont \u00e9videmment essentiels\u00a0!<\/p>\n<p><strong>De grandes maisons comme la Philharmonie de Paris ou le Met de New York, ouvrent leurs portes d\u00e9sormais \u00e0 des pays \u00e9trangers, en l\u2019occurrence l\u2019Arabie Saoudite, dans le cadre de partenariat et de coop\u00e9ration culturelle.<\/strong><\/p>\n<p>Je ne suis pas dans une approche et une philosophie protectionnistes. Nous sommes un service public et, nous le constatons bien, chaque pays a son histoire quant au financement de son service public. Le syst\u00e8me de la philanthropie \u00e0 l\u2019am\u00e9ricaine fait que l\u2019Etat donne le choix au priv\u00e9 du fl\u00e9chage de ses imp\u00f4ts. Le Met fonctionne ainsi. La France a d\u00e9cid\u00e9 de centraliser et de garder le choix d\u2019attribuer ses moyens \u00e0 tel ou tel service public.\u00a0 Si je suis attach\u00e9e \u00e0 cette vison, d\u2019autant qu\u2019elle structure mon activit\u00e9, je pense qu\u2019elle ne doit avoir aucun caract\u00e8re d\u2019exclusivit\u00e9 en mati\u00e8re de ressources pouvant aider \u00e0 porter le service public. Cette maison ne nous appartient pas en tant que directeurs, elle est le patrimoine des Toulousains et de la France. Pour moi, il est essentiel que la puissance publique soit garante de ce qu\u2019il se passe \u00e0 l\u2019int\u00e9rieur. Notre labellisation en tant qu\u2019Op\u00e9ra national est une pierre angulaire de cette volont\u00e9. Et, vraiment, j\u2019y suis tr\u00e8s attach\u00e9e. Mais je suis \u00e9galement quelqu\u2019un de pragmatique et je n\u2019ai pas peur d\u2019affronter les principes de r\u00e9alit\u00e9. C\u2019est pour cela que nous avons agrandi notre Cercle de m\u00e9c\u00e8nes en l\u2019ouvrant aux particuliers.\u00a0 Les entreprises qui nous soutiennent associent leur image \u00e0 notre maison et nous aident \u00e0 d\u00e9fendre le service public, tout en induisant en interne une dynamique vertueuse en mati\u00e8re de culture d\u2019entreprise.<\/p>\n<p><strong>Quelles sont les perspectives pour l\u2019Op\u00e9ra national du Capitole\u00a0?<\/strong><\/p>\n<p>Nous sommes dans une p\u00e9riode de d\u00e9fi immense. Depuis plus de trois si\u00e8cles d\u2019existence le vaisseau Capitole a certainement tangu\u00e9 \u00e0 plusieurs reprises. Il a m\u00eame br\u00fbl\u00e9\u00a0! Il a connu derni\u00e8rement la crise du Covid et voyez comment il s\u2019en est relev\u00e9. Aujourd\u2019hui nous sommes dans une crise des finances publiques. Si, \u00e0 un moment, il est n\u00e9cessaire de participer \u00e0 un effort collectif, nous devons en \u00eatre un acteur et non pas une victime, au travers d\u2019une cr\u00e9ativit\u00e9 qui permet de sauver l\u2019essentiel, \u00e0 savoir l\u2019excellence de cette maison, c\u2019est-\u00e0-dire son savoir-faire, ses \u00e9quipes, son public. Il faut \u00e0 certains moments se r\u00e9inventer tout en sachant que les p\u00e9riodes de crises sont aussi suivies d\u2019une phase de rebond. Nous avons plein d\u2019atouts pour n\u00e9gocier ce virage comme je viens de le dire, nos \u00e9quipes et notre public, et je veux ajouter le soutien pr\u00e9cieux de notre tutelle. Je reconnais que, aujourd\u2019hui plus que jamais, se pose la question de faire les bons choix et de prendre les bonnes d\u00e9cisions.<\/p>\n<p><strong>Propos recueillis par\u00a0<a href=\"https:\/\/blog.culture31.com\/author\/robert-penavayre\/\" target=\"_blank\" rel=\"noreferrer noopener nofollow\">Robert P\u00e9navayre<\/a><\/strong><\/p>\n<p><a href=\"https:\/\/opera.toulouse.fr\/\" target=\"_blank\" rel=\"noreferrer noopener nofollow\"><strong>Op\u00e9ra national du Capitole<\/strong><\/a><\/p>\n","protected":false},"excerpt":{"rendered":"A l\u2019heure o\u00f9 sonne le glas en France de nombreuses institutions culturelles, il nous a sembl\u00e9 opportun d\u2019interpeller&hellip;\n","protected":false},"author":2,"featured_media":72435,"comment_status":"","ping_status":"","sticky":false,"template":"","format":"standard","meta":{"footnotes":""},"categories":[2816],"tags":[1111,11,1777,674,1011,27,12,2680,25,2312],"class_list":{"0":"post-441334","1":"post","2":"type-post","3":"status-publish","4":"format-standard","5":"has-post-thumbnail","7":"category-toulouse","8":"tag-actu","9":"tag-actualites","10":"tag-eu","11":"tag-europe","12":"tag-fr","13":"tag-france","14":"tag-news","15":"tag-occitanie","16":"tag-republique-francaise","17":"tag-toulouse"},"share_on_mastodon":{"url":"https:\/\/pubeurope.com\/@fr\/115323120539109546","error":""},"_links":{"self":[{"href":"https:\/\/www.europesays.com\/fr\/wp-json\/wp\/v2\/posts\/441334","targetHints":{"allow":["GET"]}}],"collection":[{"href":"https:\/\/www.europesays.com\/fr\/wp-json\/wp\/v2\/posts"}],"about":[{"href":"https:\/\/www.europesays.com\/fr\/wp-json\/wp\/v2\/types\/post"}],"author":[{"embeddable":true,"href":"https:\/\/www.europesays.com\/fr\/wp-json\/wp\/v2\/users\/2"}],"replies":[{"embeddable":true,"href":"https:\/\/www.europesays.com\/fr\/wp-json\/wp\/v2\/comments?post=441334"}],"version-history":[{"count":0,"href":"https:\/\/www.europesays.com\/fr\/wp-json\/wp\/v2\/posts\/441334\/revisions"}],"wp:featuredmedia":[{"embeddable":true,"href":"https:\/\/www.europesays.com\/fr\/wp-json\/wp\/v2\/media\/72435"}],"wp:attachment":[{"href":"https:\/\/www.europesays.com\/fr\/wp-json\/wp\/v2\/media?parent=441334"}],"wp:term":[{"taxonomy":"category","embeddable":true,"href":"https:\/\/www.europesays.com\/fr\/wp-json\/wp\/v2\/categories?post=441334"},{"taxonomy":"post_tag","embeddable":true,"href":"https:\/\/www.europesays.com\/fr\/wp-json\/wp\/v2\/tags?post=441334"}],"curies":[{"name":"wp","href":"https:\/\/api.w.org\/{rel}","templated":true}]}}