{"id":441337,"date":"2025-10-05T19:06:13","date_gmt":"2025-10-05T19:06:13","guid":{"rendered":"https:\/\/www.europesays.com\/fr\/441337\/"},"modified":"2025-10-05T19:06:13","modified_gmt":"2025-10-05T19:06:13","slug":"bouc-qui-fait-tourner-chevre-radar-fin-de-grand-scene-les-infos-de-la-semaine-a-lille-et-dans-le-nord","status":"publish","type":"post","link":"https:\/\/www.europesays.com\/fr\/441337\/","title":{"rendered":"Bouc qui fait tourner ch\u00e8vre, radar, fin de Grand Sc\u00e8ne&#8230; Les infos de la semaine \u00e0 Lille et dans le Nord"},"content":{"rendered":"<p>            Par<br \/>\n        <strong><br \/>\n            <a href=\"https:\/\/actu.fr\/auteur\/margot-nicodeme\" title=\"Consulter tous les articles de Margot Nicod\u00e8me\" rel=\"nofollow noopener\" target=\"_blank\">Margot Nicod\u00e8me<\/a><br \/>\n        <\/strong><\/p>\n<p>        Publi\u00e9 le<\/p>\n<p>            5 oct. 2025 \u00e0 18h16        <\/p>\n<p>C\u2019est dimanche, et c\u2019est d\u00e9j\u00e0 l\u2019heure du r\u00e9cap\u2019 des actualit\u00e9s qui ont marqu\u00e9 la semaine, \u00e0 <a href=\"https:\/\/actu.fr\/hauts-de-france\/lille_59350\" rel=\"nofollow noopener\" target=\"_blank\">Lille<\/a>, dans la m\u00e9tropole, dans le Nord et m\u00eame un peu au-del\u00e0, quand l\u2019information m\u00e9rite d\u2019\u00eatre racont\u00e9e. Comme notre histoire de <b>bouc insaisissable<\/b>, qui fait tourner ch\u00e8vre un village de l\u2019Aisne\u2026 Mais aussi l\u2019arriv\u00e9e d\u2019une<b> nouvelle boulangerie<\/b>, la <b>mise en fonctionnement d\u2019un radar sur l\u2019A1<\/b>\u2026 Voici ce qui s\u2019est pass\u00e9 cette premi\u00e8re semaine du mois d\u2019octobre 2025.\u00a0<\/p>\n<p class=\" wall-content\"><a href=\"https:\/\/actu.fr\/hauts-de-france\/lille_59350\/lille-clap-de-fin-pour-grand-scene-le-food-court-de-la-rue-de-bethune-ferme-definitivement-ses-portes_63245757.html\" rel=\"nofollow noopener\" target=\"_blank\">Lille. Clap de fin pour Grand Sc\u00e8ne : le food court de la rue de B\u00e9thune ferme d\u00e9finitivement ses portes<\/a><\/p>\n<p class=\" wall-content\">Triste nouvelle \u00e0 Lille : apr\u00e8s son placement en redressement judiciaire, c\u2019est finalement termin\u00e9 pour Grand Sc\u00e8ne. Malgr\u00e9 tous ses efforts, le food court de la rue de B\u00e9thune doit fermer ses portes.<\/p>\n<p class=\" wall-content\"><a href=\"https:\/\/actu.fr\/hauts-de-france\/seclin_59560\/autoroute-a1-ce-radar-pres-de-lille-va-bientot-pouvoir-vous-flasher-vous-risquez-135-e-damende_63238327.html\" rel=\"nofollow noopener\" target=\"_blank\">Autoroute A1. Ce radar pr\u00e8s de Lille va bient\u00f4t pouvoir vous flasher : vous risquez 135 \u20ac d\u2019amende\u00a0!<\/a><\/p>\n<p class=\" wall-content\">Depuis plusieurs mois, un radar a \u00e9t\u00e9 mis en place sur l\u2019autoroute A1 en direction de Lille. En test jusque-l\u00e0, il va bient\u00f4t vous verbaliser si vous ne respectez pas la r\u00e8gle.<\/p>\n<p class=\" wall-content\"><a href=\"https:\/\/actu.fr\/hauts-de-france\/lille_59350\/greve-du-jeudi-2-octobre-suivez-la-manifestation-a-lille_63245643.html\" rel=\"nofollow noopener\" target=\"_blank\">Gr\u00e8ve du jeudi 2 octobre. Revivez la manifestation \u00e0 Lille : \u00ab\u00a0Que Macron sache qu\u2019on ne l\u00e2chera rien\u00a0\u00bb<\/a><\/p>\n<p class=\" wall-content\">Nouvelle journ\u00e9e de mobilisation nationale, ce jeudi 2 octobre 2025. Une manifestation s\u2019est tenue \u00e0 Lille, au d\u00e9part de la Porte de Paris \u00e0 14h30. Ambiance.<\/p>\n<p class=\" wall-content\"><a href=\"https:\/\/actu.fr\/hauts-de-france\/lille_59350\/video-maillots-de-foot-consoles-outils-le-tribunal-de-lille-donne-plus-de-200-scelles-a-des-assos_63235748.html\" rel=\"nofollow noopener\" target=\"_blank\">[VID\u00c9O] Maillots de foot, consoles, outils\u2026 Le tribunal de Lille donne plus de 200 scell\u00e9s \u00e0 des assos<\/a><\/p>\n<p class=\" wall-content\">Le tribunal de Lille a donn\u00e9 plus de 200 scell\u00e9s \u00e0 quatre associations\u2009: maillots de foot, consoles, trottinettes et m\u00eame articles de luxe\u2026 De quoi g\u00e2ter ceux dans le besoin.<\/p>\n<p class=\" wall-content\"><a href=\"https:\/\/actu.fr\/hauts-de-france\/lille_59350\/en-images-apres-des-mois-de-travaux-la-sublime-boutique-make-my-lemonade-ouvre-dans-le-vieux-lille_63239405.html\" rel=\"nofollow noopener\" target=\"_blank\">EN IMAGES. Apr\u00e8s des mois de travaux, la sublime boutique Make My Lemonade ouvre dans le Vieux-Lille<\/a><\/p>\n<p class=\" wall-content\">Elle \u00e9tait attendue de pied ferme : la boutique Make My Lemonade a ouvert le 1er octobre 2025 dans le Vieux-Lille. On y trouve tout l\u2019univers propre \u00e0 cette marque color\u00e9e et fun.<\/p>\n<p class=\" wall-content\"><a href=\"https:\/\/actu.fr\/hauts-de-france\/beautor_02059\/insolite-un-village-des-hauts-de-france-bien-embete-par-un-bouc-que-personne-narrive-a-attraper_63250108.html\" rel=\"nofollow noopener\" target=\"_blank\">Insolite. Un village des Hauts-de-France bien emb\u00eat\u00e9 par un bouc que personne n\u2019arrive \u00e0 attraper<\/a><\/p>\n<p class=\" wall-content\">\u00ab\u00a0Attention, passage de ch\u00e8vre\u00a0\u00bb\u2009: voil\u00e0 la nouvelle signalisation r\u00e9cemment mise en place \u00e0 l\u2019entr\u00e9e d\u2019un village de l\u2019Aisne. Et cela n\u2019a rien d\u2019une blague\u2009!<\/p>\n<p class=\" wall-content\"><a href=\"https:\/\/actu.fr\/hauts-de-france\/lambres-lez-douai_59329\/cette-boulangerie-patisserie-tres-appreciee-en-france-ouvre-un-nouveau-point-de-vente-dans-le-nord_63239634.html\" rel=\"nofollow noopener\" target=\"_blank\">Cette boulangerie-p\u00e2tisserie tr\u00e8s appr\u00e9ci\u00e9e en France ouvre un nouveau point de vente dans le Nord<\/a><\/p>\n<p class=\" wall-content\">Avec ses 93 points de vente en France, cette enseigne phare de la boulangerie-p\u00e2tisserie poursuit son expansion dans le Nord, o\u00f9 une premi\u00e8re boutique a ouvert en 2022.<\/p>\n<p>Votre r\u00e9gion, votre actu !<\/p>\n<p>Recevez chaque jour les infos qui comptent pour vous.<\/p>\n<p>\t<a href=\"https:\/\/actu.fr\/newsletter\" class=\"ac-btn ac-btn--corner ac-btn--medium ac-btn--blue800\" rel=\"nofollow noopener\" target=\"_blank\">S&rsquo;incrire<\/a><\/p>\n<p class=\" wall-content\"><a href=\"https:\/\/actu.fr\/faits-divers\/belgique-limmense-parc-pairi-daiza-denonce-un-geste-humain-honteux-qui-a-failli-couter-la-vie-dun-oiseau_63232911.html\" rel=\"nofollow noopener\" target=\"_blank\">Belgique. Le parc Pairi Daiza d\u00e9nonce un geste humain \u00ab\u00a0honteux\u00a0\u00bb qui a failli co\u00fbter la vie d\u2019un oiseau<\/a><\/p>\n<p class=\" wall-content\">Grosse col\u00e8re du c\u00f4t\u00e9 de Pairi Daiza, en Belgique. Le centre de soins de la structure a port\u00e9 secours \u00e0 un go\u00e9land victime d\u2019un geste humain \u00ab\u00a0cruel\u00a0\u00bb et \u00ab\u00a0inutile\u00a0\u00bb. D\u00e9tails.<\/p>\n<p class=\" wall-content\"><a href=\"https:\/\/actu.fr\/societe\/tempete-amy-le-nord-et-le-pas-de-calais-passent-en-vigilance-orange-des-orages-aussi-prevus_63255385.html\" rel=\"nofollow noopener\" target=\"_blank\">La temp\u00eate Amy s\u2019est abattue sur le Nord et le Pas-de-Calais<\/a><\/p>\n<p class=\" wall-content\">La vigilance pour vents violents \u00e9tait orange, pour la journ\u00e9e de samedi, sur tous les Hauts-de-France. En raison de la temp\u00eate Amy, les rafales de vent ont d\u00e9pass\u00e9 les 100 km\/h par endroits : <a href=\"https:\/\/actu.fr\/hauts-de-france\/gouy_02352\/tempete-amy-un-automobiliste-meurt-dans-laisne-heurte-par-une-branche-sa-passagere-dans-un-etat-grave_63256722.html\" rel=\"nofollow noopener\" target=\"_blank\">un jeune automobiliste est d\u00e9c\u00e9d\u00e9 dans l\u2019Aisne<\/a>, quand des mesures de <a href=\"https:\/\/actu.fr\/societe\/tempete-amy-la-prefecture-du-nord-baisse-la-vitesse-sur-les-routes-la-ville-de-lille-ferme-ses-parcs_63255855.html\" rel=\"nofollow noopener\" target=\"_blank\">r\u00e9duction de la vitesse sur les routes<\/a> \u00e9taient prises par le pr\u00e9fet.<\/p>\n<p class=\" wall-content\"><a href=\"https:\/\/actu.fr\/societe\/belgique-tous-les-vols-de-laeroport-de-charleroi-seront-annules-mardi-14-octobre-voici-pourquoi_63253982.html\" rel=\"nofollow noopener\" target=\"_blank\">Belgique. Tous les vols de l\u2019a\u00e9roport de Charleroi seront annul\u00e9s mardi 14 octobre : voici pourquoi<\/a><\/p>\n<p class=\" wall-content\">Attention si vous devez emprunter un vol au d\u00e9part ou \u00e0 l\u2019arriv\u00e9e de l\u2019a\u00e9roport de Charleroi, en Belgique, mardi 14 octobre 2025. Tous seront en effet annul\u00e9s. Explications.<\/p>\n<p class=\" wall-content\">Personnalisez votre actualit\u00e9 en ajoutant vos villes et m\u00e9dias en favori avec <a href=\"https:\/\/moncompte.actu.fr\" title=\"D\u00e9couvez Mon Actu\" rel=\"nofollow noopener\" data-trk=\"{&quot;cta&quot;:{&quot;action&quot;:&quot;https:\\\/\\\/moncompte.actu.fr&quot;,&quot;category&quot;:&quot;mon compte&quot;,&quot;from&quot;:&quot;article footer&quot;,&quot;name&quot;:&quot;Mon actu&quot;,&quot;type&quot;:&quot;cta&quot;}}\" target=\"_blank\">Mon Actu<\/a>.<\/p>\n","protected":false},"excerpt":{"rendered":"Par Margot Nicod\u00e8me Publi\u00e9 le 5 oct. 2025 \u00e0 18h16 C\u2019est dimanche, et c\u2019est d\u00e9j\u00e0 l\u2019heure du r\u00e9cap\u2019&hellip;\n","protected":false},"author":2,"featured_media":441338,"comment_status":"","ping_status":"","sticky":false,"template":"","format":"standard","meta":{"footnotes":""},"categories":[2815],"tags":[1111,11,1777,674,1011,27,811,1307,1272,12,3147,6957,25,104],"class_list":{"0":"post-441337","1":"post","2":"type-post","3":"status-publish","4":"format-standard","5":"has-post-thumbnail","7":"category-lille","8":"tag-actu","9":"tag-actualites","10":"tag-eu","11":"tag-europe","12":"tag-fr","13":"tag-france","14":"tag-hauts-de-france","15":"tag-lille","16":"tag-manifestations","17":"tag-news","18":"tag-nouveaux-commerces","19":"tag-radars","20":"tag-republique-francaise","21":"tag-societe"},"share_on_mastodon":{"url":"https:\/\/pubeurope.com\/@fr\/115323128034318111","error":""},"_links":{"self":[{"href":"https:\/\/www.europesays.com\/fr\/wp-json\/wp\/v2\/posts\/441337","targetHints":{"allow":["GET"]}}],"collection":[{"href":"https:\/\/www.europesays.com\/fr\/wp-json\/wp\/v2\/posts"}],"about":[{"href":"https:\/\/www.europesays.com\/fr\/wp-json\/wp\/v2\/types\/post"}],"author":[{"embeddable":true,"href":"https:\/\/www.europesays.com\/fr\/wp-json\/wp\/v2\/users\/2"}],"replies":[{"embeddable":true,"href":"https:\/\/www.europesays.com\/fr\/wp-json\/wp\/v2\/comments?post=441337"}],"version-history":[{"count":0,"href":"https:\/\/www.europesays.com\/fr\/wp-json\/wp\/v2\/posts\/441337\/revisions"}],"wp:featuredmedia":[{"embeddable":true,"href":"https:\/\/www.europesays.com\/fr\/wp-json\/wp\/v2\/media\/441338"}],"wp:attachment":[{"href":"https:\/\/www.europesays.com\/fr\/wp-json\/wp\/v2\/media?parent=441337"}],"wp:term":[{"taxonomy":"category","embeddable":true,"href":"https:\/\/www.europesays.com\/fr\/wp-json\/wp\/v2\/categories?post=441337"},{"taxonomy":"post_tag","embeddable":true,"href":"https:\/\/www.europesays.com\/fr\/wp-json\/wp\/v2\/tags?post=441337"}],"curies":[{"name":"wp","href":"https:\/\/api.w.org\/{rel}","templated":true}]}}