{"id":441341,"date":"2025-10-05T19:08:12","date_gmt":"2025-10-05T19:08:12","guid":{"rendered":"https:\/\/www.europesays.com\/fr\/441341\/"},"modified":"2025-10-05T19:08:12","modified_gmt":"2025-10-05T19:08:12","slug":"une-chaine-humaine-rassemble-150-personnes-pour-la-sante-mentale-des-jeunes-sur-la-corniche-kennedy-a-marseille","status":"publish","type":"post","link":"https:\/\/www.europesays.com\/fr\/441341\/","title":{"rendered":"Une cha\u00eene humaine rassemble 150 personnes pour la sant\u00e9 mentale des jeunes sur la corniche Kennedy \u00e0 Marseille"},"content":{"rendered":"<p>Ce dimanche 5 octobre 2025, pr\u00e8s de 150 personnes se sont tenu la main pour une grande cha\u00eene humaine sur la corniche Kennedy \u00e0 Marseille pour d\u00e9fendre la sant\u00e9 mentale des jeunes. Lanc\u00e9e par l&rsquo;association d&rsquo;\u00e9coute, SOS Amiti\u00e9, plusieurs classes de lyc\u00e9es du 10e arrondissement s&rsquo;y sont rendues. <\/p>\n<p>Sur la corniche Kennedy, les \u00e9tudiants chantaient plus fort que le mistral ce dimanche 5 octobre 2025.\u00a0\u00c0 l&rsquo;initiative de <a target=\"_blank\" rel=\"nofollow noopener noreferrer\" class=\"IciLink ici-link IciArticleLink g-ici-body-regular-1 underline brand svelte-lu7k6w\" href=\"https:\/\/www.sosamitie.org\/aider\/pres-de-chez-moi\/marseille-provence\">l&rsquo;association de soutien par t\u00e9l\u00e9phone SOS Amiti\u00e9 Marseille<\/a>, <strong>plus de 150 personnes<\/strong> se sont donn\u00e9 la main pour former une cha\u00eene humaine entre le M\u00e9morial des Rapatri\u00e9s d&rsquo;Alg\u00e9rie et la plage du Proph\u00e8te sur la corniche Kennedy. Partenaire de l&rsquo;\u00e9v\u00e9nement plusieurs classes du lyc\u00e9e Marcel Pagnol et du lyc\u00e9e Jean Perrin dans le 10e arrondissement et leurs professeurs sont venus pr\u00eater main-forte.<\/p>\n<p>\u00ab\u00a0Le simple fait de parler brise la solitude\u00a0\u00bb<\/p>\n<p>SOS Amiti\u00e9 est une association \u00e0 l&rsquo;\u00e9coute des personnes en difficult\u00e9 via une ligne t\u00e9l\u00e9phonique gratuites et ouvertes sept jours sur sept 24 heures sur 24. Selon Jeanne Sialelli la pr\u00e9sidente de l&rsquo;antenne marseillaise, <strong>11 395 appels de d\u00e9tresse ont \u00e9t\u00e9 re\u00e7us en 2024<\/strong> en Provence et le nombre de jeunes au bout du fil a explos\u00e9 depuis la pand\u00e9mie de Covid-19.<\/p>\n<p>Pour le prix d&rsquo;un appel local, plus de <strong>2 000 \u00e9coutants r\u00e9pondent au t\u00e9l\u00e9phone<\/strong> aux personnes en difficult\u00e9 ou en situation de solitude \u00e0 Marseille et en Provence. \u00ab\u00a0Le simple fait de parler brise la solitude des personnes qui tout \u00e0 coup se disent\u00a0: j&rsquo;existe, je peux parler \u00e0 quelqu&rsquo;un\u00a0\u00bb affirme jeanne Sialelli. Tous les appels sont anonyme et confidentiel mais dans le cort\u00e8ge de jeunes, Adem, 18 ans, avoue avoir d\u00e9j\u00e0 appel\u00e9 SOS Amiti\u00e9\u00a0: \u00ab\u00a0J&rsquo;ai plein de probl\u00e8mes dans ma vie, faut pas le prendre \u00e0 la l\u00e9g\u00e8re. Il y a des personnes, on se dit qu&rsquo;elles vont bien alors que ce n&rsquo;est qu&rsquo;une image. il faut leur venir en aide et les aider\u00a0\u00bb.<\/p>\n<p><img loading=\"lazy\" decoding=\"async\" class=\"VisualPreview svelte-1rldrkz\" src=\"data:image\/jpeg;base64,\/9j\/2wBDACgcHiMeGSgjISMtKygwPGRBPDc3PHtYXUlkkYCZlo+AjIqgtObDoKrarYqMyP\/L2u71\/\/\/\/m8H\/\/\/\/6\/+b9\/\/j\/2wBDASstLTw1PHZBQXb4pYyl+Pj4+Pj4+Pj4+Pj4+Pj4+Pj4+Pj4+Pj4+Pj4+Pj4+Pj4+Pj4+Pj4+Pj4+Pj4+Pj4+Pj\/wAARCAAfACoDASIAAhEBAxEB\/8QAGAABAQEBAQAAAAAAAAAAAAAAAgMBAAT\/xAAXEAEBAQEAAAAAAAAAAAAAAAAAAREC\/8QAFwEAAwEAAAAAAAAAAAAAAAAAAAECA\/\/EABYRAQEBAAAAAAAAAAAAAAAAAAARAf\/aAAwDAQACEQMRAD8AOOwsdjesoGMsUwbEbqsxOwcOihT0RuOkaKcZg0x6KhLpPT7T0w\/\/2Q==\" alt=\"Une trentaine de b\u00e9n\u00e9voles de l'association SOS Amiti\u00e9 a \u00e9galement particip\u00e9.\" width=\"600\" height=\"450\"\/>  Une trentaine de b\u00e9n\u00e9voles de l&rsquo;association SOS Amiti\u00e9 a \u00e9galement particip\u00e9. \u00a9 Radio France &#8211; Dylan Prieur<\/p>\n<p>Professeur d&rsquo;\u00e9conomie et de gestion pour les classes de BTS du lyc\u00e9e Jean Perrin, Caroline Cohen est fi\u00e8re de voir ses \u00e9l\u00e8ves se d\u00e9placer un dimanche matin pour cette cause\u00a0: \u00ab\u00a0Beaucoup de jeunes pensent qu&rsquo;ils sont seuls \u00e0 \u00e9prouver du stress ou de l&rsquo;angoisse pendant ce passage \u00e0 l&rsquo;\u00e2ge adulte. Juste e fait de savoir qu&rsquo;il y a un num\u00e9ro qui est fait pour \u00e7a, qu&rsquo;ils peuvent appeler c&rsquo;est d\u00e9j\u00e0 bien\u00a0\u00bb.\u00a0<a class=\"IciLink ici-link IciArticleLink g-ici-body-regular-1 underline brand svelte-lu7k6w\" href=\"https:\/\/www.francebleu.fr\/emissions\/c-est-la-vie-a-marseille\/sos-amitie-une-grande-chaine-humaine-pour-l-ecoute-et-le-lien-social-8608549\" rel=\"nofollow noopener\" target=\"_blank\">D\u00e9j\u00e0 organis\u00e9 l&rsquo;ann\u00e9e derni\u00e8re l<\/a>a cha\u00eene humaine a cette ann\u00e9e rassembl\u00e9 une cinquantaine de personnes de plus.<\/p>\n<ul>\n<li>La ligne t\u00e9l\u00e9phonique de SOS Amiti\u00e9 Marseille-Provence\u00a0: <strong>04 91 76 10 10<\/strong><\/li>\n<\/ul>\n<p>\u00c0 \u00e9couter aussi   <img decoding=\"async\" src=\"https:\/\/www.europesays.com\/fr\/wp-content\/uploads\/2025\/10\/1759691292_831_560x315\" alt=\"SOS Amiti\u00e9 Marseille est \u00e0 la recherche urgente d'\u00e9coutants\" style=\"--_image-preview:url('data:image\/jpeg;base64,\/9j\/2wBDACgcHiMeGSgjISMtKygwPGRBPDc3PHtYXUlkkYCZlo+AjIqgtObDoKrarYqMyP\/L2u71\/\/\/\/m8H\/\/\/\/6\/+b9\/\/j\/2wBDASstLTw1PHZBQXb4pYyl+Pj4+Pj4+Pj4+Pj4+Pj4+Pj4+Pj4+Pj4+Pj4+Pj4+Pj4+Pj4+Pj4+Pj4+Pj4+Pj4+Pj\/wAARCAAXACoDASIAAhEBAxEB\/8QAGQAAAwEBAQAAAAAAAAAAAAAAAAEEAwIF\/8QAGBABAAMBAAAAAAAAAAAAAAAAAAECAxH\/xAAWAQEBAQAAAAAAAAAAAAAAAAABAAL\/xAAUEQEAAAAAAAAAAAAAAAAAAAAA\/9oADAMBAAIRAxEAPwDeCscCwKbSE9lWkJroMx0pLqT2IgrAAsNE2gCZYWc9AKf\/2Q==');\" loading=\"lazy\" fetchpriority=\"low\" aria-hidden=\"true\" class=\"svelte-1pnmlwx rounded\" onload=\"this.__e=event\" onerror=\"this.__e=event\"\/><\/p>\n","protected":false},"excerpt":{"rendered":"Ce dimanche 5 octobre 2025, pr\u00e8s de 150 personnes se sont tenu la main pour une grande cha\u00eene&hellip;\n","protected":false},"author":2,"featured_media":441342,"comment_status":"","ping_status":"","sticky":false,"template":"","format":"standard","meta":{"footnotes":""},"categories":[2814],"tags":[1111,11,1777,674,1011,27,884,12,882,25],"class_list":{"0":"post-441341","1":"post","2":"type-post","3":"status-publish","4":"format-standard","5":"has-post-thumbnail","7":"category-marseille","8":"tag-actu","9":"tag-actualites","10":"tag-eu","11":"tag-europe","12":"tag-fr","13":"tag-france","14":"tag-marseille","15":"tag-news","16":"tag-provence-alpes-cote-dazur","17":"tag-republique-francaise"},"share_on_mastodon":{"url":"https:\/\/pubeurope.com\/@fr\/115323136502294284","error":""},"_links":{"self":[{"href":"https:\/\/www.europesays.com\/fr\/wp-json\/wp\/v2\/posts\/441341","targetHints":{"allow":["GET"]}}],"collection":[{"href":"https:\/\/www.europesays.com\/fr\/wp-json\/wp\/v2\/posts"}],"about":[{"href":"https:\/\/www.europesays.com\/fr\/wp-json\/wp\/v2\/types\/post"}],"author":[{"embeddable":true,"href":"https:\/\/www.europesays.com\/fr\/wp-json\/wp\/v2\/users\/2"}],"replies":[{"embeddable":true,"href":"https:\/\/www.europesays.com\/fr\/wp-json\/wp\/v2\/comments?post=441341"}],"version-history":[{"count":0,"href":"https:\/\/www.europesays.com\/fr\/wp-json\/wp\/v2\/posts\/441341\/revisions"}],"wp:featuredmedia":[{"embeddable":true,"href":"https:\/\/www.europesays.com\/fr\/wp-json\/wp\/v2\/media\/441342"}],"wp:attachment":[{"href":"https:\/\/www.europesays.com\/fr\/wp-json\/wp\/v2\/media?parent=441341"}],"wp:term":[{"taxonomy":"category","embeddable":true,"href":"https:\/\/www.europesays.com\/fr\/wp-json\/wp\/v2\/categories?post=441341"},{"taxonomy":"post_tag","embeddable":true,"href":"https:\/\/www.europesays.com\/fr\/wp-json\/wp\/v2\/tags?post=441341"}],"curies":[{"name":"wp","href":"https:\/\/api.w.org\/{rel}","templated":true}]}}