{"id":441343,"date":"2025-10-05T19:09:12","date_gmt":"2025-10-05T19:09:12","guid":{"rendered":"https:\/\/www.europesays.com\/fr\/441343\/"},"modified":"2025-10-05T19:09:12","modified_gmt":"2025-10-05T19:09:12","slug":"pas-de-surprise-pour-les-angeriens-battus-par-marseille-9-27","status":"publish","type":"post","link":"https:\/\/www.europesays.com\/fr\/441343\/","title":{"rendered":"pas de surprise pour les Ang\u00e9riens, battus par Marseille (9-27)"},"content":{"rendered":"<p>Nouveau match difficile pour les hommes de Thomas Pubert, ce samedi soir, pour leur premi\u00e8re sortie \u00e0 domicile, face au Cercle des Nageurs de Marseille (9-27). Le premier club fran\u00e7ais de water-polo masculin \u00e0 hisser sa r\u00e9serve jusqu\u2019en Nationale 1, une \u00e9quipe compos\u00e9e uniquement de jeunes joueurs (moyenne d\u2019\u00e2ge 18\u00a0ans). Les Marseillais n\u2019en sont pas moins un des pr\u00e9tendants au podium cette ann\u00e9e, autant dire que la marche \u00e9tait haute pour des Ang\u00e9riens amput\u00e9s de leur capitaine Iulian Verdes, parti jouer les Jeux d\u2019Asie avec le Kazakhstan.<\/p>\n<p>R\u00e9gis Bonneau, qui a particip\u00e9 \u00e0 l\u2019aventure europ\u00e9enne du NCA par le pass\u00e9, a apport\u00e9 toute son exp\u00e9rience \u00e0 ses jeunes co\u00e9quipiers et fait ainsi son retour en Nationale 1 apr\u00e8s plusieurs ann\u00e9es avec l\u2019\u00e9quipe N3 du NCA. Durant les huit premi\u00e8res minutes, le capitaine du jour Enzo Caillaud et ses partenaires ont d\u2019ailleurs tenu leurs adversaires (3-5). Mais, \u00ab\u00a0d\u00e9stabilis\u00e9s\u00a0\u00bb par un pressing particuli\u00e8rement haut des Marseillais, les locaux ont \u00e9t\u00e9 asphyxi\u00e9s.<\/p>\n<p>Bodoki \u00ab\u00a0un peu stress\u00e9\u00a0\u00bb<\/p>\n<p>Les hommes de Thomas Pubert, tout comme le week-end pr\u00e9c\u00e9dent, ont su aller trouver les exclusions mais sans concr\u00e9tiser en zone +. \u00ab\u00a0C\u2019est vraiment notre gros point faible, confirme le coach.\u00a0On n\u2019est pas assez rapides en zone +, les appels de balle n\u2019\u00e9taient pas bons non plus.\u00a0\u00bb<\/p>\n<p>Sup\u00e9rieurs en natation, les Marseillais ont, aux 3e et 4e quart-temps, encha\u00een\u00e9 les contre-attaques qui, malgr\u00e9 une tr\u00e8s belle performance d\u2019Enzo Caillaud et Titouan Bertin (entr\u00e9 en derni\u00e8re p\u00e9riode) dans la cage, ont \u00e9t\u00e9 fatales au NCA (3-7 et 2-8). \u00ab\u00a0On prend des buts inutiles car on baisse les bras par manque de confiance\u00a0\u00bb, analyse Thomas Pubert.<\/p>\n<p>Cette rencontre a toutefois \u00e9t\u00e9 l\u2019occasion pour le public de d\u00e9couvrir une recrue\u00a0: le Danois Grisa Bodoki, auteur de 2 buts. \u00ab\u00a0Il faut qu\u2019il trouve ses rep\u00e8res dans l\u2019\u00e9quipe, qu\u2019il se mette pleinement dans le projet de jeu. Ce soir (samedi), il avait envie de bien faire et \u00e7a l\u2019a un peu stress\u00e9. Mais il va \u00eatre un bon \u00e9l\u00e9ment\u00a0\u00bb, valide le coach ang\u00e9rien.<\/p>\n<p>    Saint-Jean-d\u2019Ang\u00e9ly 9 &#8211; Marseille 27<br \/>\n<strong>Lieu<\/strong>\u00a0Saint-Jean-d\u2019Ang\u00e9ly (Atlantys) <strong>Spectateurs<\/strong>\u00a0150\u00a0<strong>Arbitres<\/strong>\u00a0MM.\u00a0Sorinca et Girondelot\u00a0<strong>Quart-temps<\/strong>\u00a03-5, 1-7, 3-7, 2-8\u00a0<strong>Mi-temps<\/strong>\u00a04-12<br \/><strong>SAINT-JEAN-D\u2019ANG\u00c9LY<\/strong>\u00a0<strong>Les marqueurs.<\/strong>\u00a0Cerruto (4), Mit\u00f9 (2), Gavenc-Veteau (1), Bodoki (2).<\/p>\n","protected":false},"excerpt":{"rendered":"Nouveau match difficile pour les hommes de Thomas Pubert, ce samedi soir, pour leur premi\u00e8re sortie \u00e0 domicile,&hellip;\n","protected":false},"author":2,"featured_media":441344,"comment_status":"","ping_status":"","sticky":false,"template":"","format":"standard","meta":{"footnotes":""},"categories":[2814],"tags":[1111,11,1777,674,1011,27,884,12,882,25],"class_list":{"0":"post-441343","1":"post","2":"type-post","3":"status-publish","4":"format-standard","5":"has-post-thumbnail","7":"category-marseille","8":"tag-actu","9":"tag-actualites","10":"tag-eu","11":"tag-europe","12":"tag-fr","13":"tag-france","14":"tag-marseille","15":"tag-news","16":"tag-provence-alpes-cote-dazur","17":"tag-republique-francaise"},"share_on_mastodon":{"url":"https:\/\/pubeurope.com\/@fr\/115323139786978017","error":""},"_links":{"self":[{"href":"https:\/\/www.europesays.com\/fr\/wp-json\/wp\/v2\/posts\/441343","targetHints":{"allow":["GET"]}}],"collection":[{"href":"https:\/\/www.europesays.com\/fr\/wp-json\/wp\/v2\/posts"}],"about":[{"href":"https:\/\/www.europesays.com\/fr\/wp-json\/wp\/v2\/types\/post"}],"author":[{"embeddable":true,"href":"https:\/\/www.europesays.com\/fr\/wp-json\/wp\/v2\/users\/2"}],"replies":[{"embeddable":true,"href":"https:\/\/www.europesays.com\/fr\/wp-json\/wp\/v2\/comments?post=441343"}],"version-history":[{"count":0,"href":"https:\/\/www.europesays.com\/fr\/wp-json\/wp\/v2\/posts\/441343\/revisions"}],"wp:featuredmedia":[{"embeddable":true,"href":"https:\/\/www.europesays.com\/fr\/wp-json\/wp\/v2\/media\/441344"}],"wp:attachment":[{"href":"https:\/\/www.europesays.com\/fr\/wp-json\/wp\/v2\/media?parent=441343"}],"wp:term":[{"taxonomy":"category","embeddable":true,"href":"https:\/\/www.europesays.com\/fr\/wp-json\/wp\/v2\/categories?post=441343"},{"taxonomy":"post_tag","embeddable":true,"href":"https:\/\/www.europesays.com\/fr\/wp-json\/wp\/v2\/tags?post=441343"}],"curies":[{"name":"wp","href":"https:\/\/api.w.org\/{rel}","templated":true}]}}