{"id":441349,"date":"2025-10-05T19:13:13","date_gmt":"2025-10-05T19:13:13","guid":{"rendered":"https:\/\/www.europesays.com\/fr\/441349\/"},"modified":"2025-10-05T19:13:13","modified_gmt":"2025-10-05T19:13:13","slug":"ligue-1-suivez-lille-psg-en-integralite-sur-ici-paris-ile-de-france","status":"publish","type":"post","link":"https:\/\/www.europesays.com\/fr\/441349\/","title":{"rendered":"Ligue 1 : suivez Lille &#8211; PSG en int\u00e9gralit\u00e9 sur Ici Paris \u00cele-de-France"},"content":{"rendered":"<p> <img decoding=\"async\" src=\"https:\/\/www.europesays.com\/fr\/wp-content\/uploads\/2025\/10\/1759691592_54_1200x680\" alt=\"illustration agrandir l'image\" style=\"--_image-preview:url('data:image\/jpeg;base64,\/9j\/2wBDACgcHiMeGSgjISMtKygwPGRBPDc3PHtYXUlkkYCZlo+AjIqgtObDoKrarYqMyP\/L2u71\/\/\/\/m8H\/\/\/\/6\/+b9\/\/j\/2wBDASstLTw1PHZBQXb4pYyl+Pj4+Pj4+Pj4+Pj4+Pj4+Pj4+Pj4+Pj4+Pj4+Pj4+Pj4+Pj4+Pj4+Pj4+Pj4+Pj4+Pj\/wAARCAAXACoDASIAAhEBAxEB\/8QAGAAAAwEBAAAAAAAAAAAAAAAAAAIDAQX\/xAAXEAEBAQEAAAAAAAAAAAAAAAAAAQIR\/8QAFQEBAQAAAAAAAAAAAAAAAAAAAAH\/xAAUEQEAAAAAAAAAAAAAAAAAAAAA\/9oADAMBAAIRAxEAPwDmQ3GZUkAnC2LcJYCdYalBTKuYADbCagAqWigCP\/\/Z');\" loading=\"eager\" fetchpriority=\"high\" aria-hidden=\"true\" class=\"svelte-1pnmlwx rounded\" onload=\"this.__e=event\" onerror=\"this.__e=event\"\/> Il va falloir du grand Ramos face \u00e0 Lille \u00a9 Maxppp &#8211; Siu Wu     <\/p>\n<p class=\"g-ici-body-regular-3 info svelte-1c4u67c\">Publi\u00e9 le dimanche 5 octobre 2025 \u00e0 20:25 <\/p>\n<ul class=\"SocialNetworks svelte-bt5901\">\n<li class=\"svelte-bt5901\"><\/li>\n<li class=\"svelte-bt5901\"><\/li>\n<li class=\"svelte-bt5901\"><\/li>\n<li class=\"svelte-bt5901\"><\/li>\n<li class=\"svelte-bt5901\"><\/li>\n<\/ul>\n<p class=\"standfirst g-ici-body-bold-1 svelte-983d72\">Ce dimanche \u00e0 20h45, le PSG joue \u00e0 Lille pour la septi\u00e8me journ\u00e9e de Ligue 1. Un match o\u00f9 le PSG se d\u00e9place avec un groupe tr\u00e8s jeune, la moiti\u00e9 des cadres de l&rsquo;\u00e9quipe sont forfaits. Cette rencontre qui arrive quatre jours apr\u00e8s la performance en Ligue des champions.<\/p>\n<p>C&rsquo;est parti pour le coup d&rsquo;envoi de notre soir\u00e9e Ligue 1 ! On vous propose ce LOSC \/ PSG all\u00e9chant avec un Paris Saint-Germain qui arrive diminu\u00e9. Six joueurs titulaires, Ousmane Demb\u00e9l\u00e9, D\u00e9sir\u00e9 Dou\u00e9, Joao Neves, Khvicha Kvaratskhelia, Fabian Ruiz et le capitaine Marquinhos sont forfaits. Pia Clemens, Bruno Salomon et Eric Rabesandratana vous attendent au 01.42.30.10.10 pour participer \u00e0 cette soir\u00e9e.<\/p>\n<p>loading<\/p>\n<p>loading<\/p>\n<p>\u00c0 lire aussi   <img decoding=\"async\" src=\"https:\/\/www.europesays.com\/fr\/wp-content\/uploads\/2025\/10\/1759691593_523_560x315\" alt=\"Ruiz est forfait pour Lille\" style=\"--_image-preview:url('data:image\/jpeg;base64,\/9j\/2wBDACgcHiMeGSgjISMtKygwPGRBPDc3PHtYXUlkkYCZlo+AjIqgtObDoKrarYqMyP\/L2u71\/\/\/\/m8H\/\/\/\/6\/+b9\/\/j\/2wBDASstLTw1PHZBQXb4pYyl+Pj4+Pj4+Pj4+Pj4+Pj4+Pj4+Pj4+Pj4+Pj4+Pj4+Pj4+Pj4+Pj4+Pj4+Pj4+Pj4+Pj\/wAARCAAXACoDASIAAhEBAxEB\/8QAGQAAAwEBAQAAAAAAAAAAAAAAAAIDBAEF\/8QAFxABAQEBAAAAAAAAAAAAAAAAAAECEv\/EABUBAQEAAAAAAAAAAAAAAAAAAAAB\/8QAFBEBAAAAAAAAAAAAAAAAAAAAAP\/aAAwDAQACEQMRAD8A86Q8jkUzAHIuVJDcorNcF5abgvAIxTIAi2VJABRcl5AFf\/\/Z');\" loading=\"lazy\" fetchpriority=\"low\" aria-hidden=\"true\" class=\"svelte-1pnmlwx rounded\" onload=\"this.__e=event\" onerror=\"this.__e=event\"\/>  <\/p>\n<ul class=\"SocialNetworks svelte-bt5901\">\n<li class=\"svelte-bt5901\"><\/li>\n<li class=\"svelte-bt5901\"><\/li>\n<li class=\"svelte-bt5901\"><\/li>\n<li class=\"svelte-bt5901\"><\/li>\n<li class=\"svelte-bt5901\"><\/li>\n<\/ul>\n","protected":false},"excerpt":{"rendered":"Il va falloir du grand Ramos face \u00e0 Lille \u00a9 Maxppp &#8211; Siu Wu Publi\u00e9 le dimanche 5&hellip;\n","protected":false},"author":2,"featured_media":441350,"comment_status":"","ping_status":"","sticky":false,"template":"","format":"standard","meta":{"footnotes":""},"categories":[1592],"tags":[1111,11,1777,674,1011,27,662,12,626,25],"class_list":{"0":"post-441349","1":"post","2":"type-post","3":"status-publish","4":"format-standard","5":"has-post-thumbnail","7":"category-ile-de-france","8":"tag-actu","9":"tag-actualites","10":"tag-eu","11":"tag-europe","12":"tag-fr","13":"tag-france","14":"tag-ile-de-france","15":"tag-news","16":"tag-paris","17":"tag-republique-francaise"},"share_on_mastodon":{"url":"https:\/\/pubeurope.com\/@fr\/115323156577745024","error":""},"_links":{"self":[{"href":"https:\/\/www.europesays.com\/fr\/wp-json\/wp\/v2\/posts\/441349","targetHints":{"allow":["GET"]}}],"collection":[{"href":"https:\/\/www.europesays.com\/fr\/wp-json\/wp\/v2\/posts"}],"about":[{"href":"https:\/\/www.europesays.com\/fr\/wp-json\/wp\/v2\/types\/post"}],"author":[{"embeddable":true,"href":"https:\/\/www.europesays.com\/fr\/wp-json\/wp\/v2\/users\/2"}],"replies":[{"embeddable":true,"href":"https:\/\/www.europesays.com\/fr\/wp-json\/wp\/v2\/comments?post=441349"}],"version-history":[{"count":0,"href":"https:\/\/www.europesays.com\/fr\/wp-json\/wp\/v2\/posts\/441349\/revisions"}],"wp:featuredmedia":[{"embeddable":true,"href":"https:\/\/www.europesays.com\/fr\/wp-json\/wp\/v2\/media\/441350"}],"wp:attachment":[{"href":"https:\/\/www.europesays.com\/fr\/wp-json\/wp\/v2\/media?parent=441349"}],"wp:term":[{"taxonomy":"category","embeddable":true,"href":"https:\/\/www.europesays.com\/fr\/wp-json\/wp\/v2\/categories?post=441349"},{"taxonomy":"post_tag","embeddable":true,"href":"https:\/\/www.europesays.com\/fr\/wp-json\/wp\/v2\/tags?post=441349"}],"curies":[{"name":"wp","href":"https:\/\/api.w.org\/{rel}","templated":true}]}}