{"id":441351,"date":"2025-10-05T19:14:18","date_gmt":"2025-10-05T19:14:18","guid":{"rendered":"https:\/\/www.europesays.com\/fr\/441351\/"},"modified":"2025-10-05T19:14:18","modified_gmt":"2025-10-05T19:14:18","slug":"israel-va-expulser-28-francais-vers-la-grece-lundi-annonce-paris","status":"publish","type":"post","link":"https:\/\/www.europesays.com\/fr\/441351\/","title":{"rendered":"Isra\u00ebl va expulser 28 Fran\u00e7ais vers la Gr\u00e8ce lundi, annonce Paris"},"content":{"rendered":"\n<p class=\"c-chapo \">\n  \u00ab\u00a0Nos \u00e9quipes ont pu rencontrer tous nos compatriotes, qui vont bien\u00a0\u00bb, a assur\u00e9, dimanche soir, le minist\u00e8re des Affaires \u00e9trang\u00e8res fran\u00e7ais.\n<\/p>\n<p>      lire plus tard<\/p>\n<p id=\"dialog__title\" class=\"dialog__title\">Pour sauvegarder cet article, connectez-vous ou cr\u00e9ez un compte franceinfo<\/p>\n<p class=\"dialog__description\">Sans paiement. Sans abonnement.<\/p>\n<p>        Fermer la fen\u00eatre d\u2019activation des notifications France Info<\/p>\n<p>      cr\u00e9er votre compte<\/p>\n<p>      se connecter<\/p>\n<p>        Fermer la fen\u00eatre de pr\u00e9sentation<\/p>\n<p>    <img loading=\"lazy\" decoding=\"async\" class=\"signature__image lazyload\" width=\"100\" height=\"100\" data- alt=\"\" src=\"https:\/\/www.europesays.com\/fr\/wp-content\/uploads\/2025\/05\/64a68815cd1a7_placeholder-36b69ec8.png\"\/><\/p>\n<p>    Publi\u00e9 le 05\/10\/2025 20:12<\/p>\n<p>      Mis \u00e0 jour le 05\/10\/2025 20:38<\/p>\n<p>        Temps de lecture : 1min<\/p>\n<p>    <img decoding=\"async\"  alt=\"Des sympathisants saluent le passage de bateaux de la Flottille pour Gaza, le 5 octobre 2025, \u00e0 Van (Turquie). (EMRE ILIKAN \/ ANADOLU \/ AFP)\" width=\"432\" height=\"243\" src=\"https:\/\/www.europesays.com\/fr\/wp-content\/uploads\/2025\/10\/068-aa-05102025-2455446-68e2b5e5d388f221864214.jpg\" fetchpriority=\"high\"\/><\/p>\n<p>      Des sympathisants saluent le passage de bateaux de la Flottille pour Gaza, le 5 octobre 2025, \u00e0 Van (Turquie). (EMRE ILIKAN \/ ANADOLU \/ AFP)<\/p>\n<p>Un groupe de 28 ressortissants fran\u00e7ais sera expuls\u00e9 lundi par Isra\u00ebl \u00e0 destination de la Gr\u00e8ce, a annonc\u00e9 le minist\u00e8re fran\u00e7ais des Affaires \u00e9trang\u00e8res, dimanche 5 octobre, quelques jours apr\u00e8s leur <a href=\"https:\/\/www.franceinfo.fr\/monde\/palestine\/gaza\/nous-sommes-sans-aucune-nouvelle-les-avocats-d-une-trentaine-de-francais-presents-sur-la-flottille-pour-gaza-denoncent-l-inaction-de-paris_7529593.html\" rel=\"nofollow noopener\" target=\"_blank\">interception alors qu&rsquo;ils se trouvaient \u00e0 bord de bateaux de la Flottille pour Gaza<\/a>.\u00a0\u00ab\u00a0Apr\u00e8s une premi\u00e8re visite consulaire vendredi (&#8230;) une seconde visite consulaire a eu lieu ce dimanche \u00e0 la prison de Ktziot. Nos \u00e9quipes ont pu rencontrer tous nos compatriotes, qui vont bien\u00a0\u00bb, a d\u00e9clar\u00e9 <a href=\"https:\/\/x.com\/porteparole_mae\/status\/1974889268335325190\" target=\"_blank\" rel=\"noopener nofollow\">sur X<\/a> un porte-parole du minist\u00e8re.\u00a0<\/p>\n<p>Dimanche, La France insoumise s&rsquo;est inqui\u00e9t\u00e9e d&rsquo;\u00eatre sans nouvelles de quatre de ses \u00e9lus qui faisaient partie de la flottille (les d\u00e9put\u00e9s Fran\u00e7ois Piquemal et Marie Mesmeur, ainsi que les eurod\u00e9put\u00e9s Rima Hassan et Emma Fourreau).\u00a0\u00ab\u00a0Il s&rsquo;agirait pour la France d&rsquo;enfin agir\u00a0\u00bb, a lanc\u00e9 l&rsquo;eurod\u00e9put\u00e9e insoumise Manon Aubry sur franceinfo.\u00a0<\/p>\n<p>Pour la diplomatie fran\u00e7aise, la \u00ab\u00a0priorit\u00e9 demeure le retour en France de nos ressortissants dans les meilleurs d\u00e9lais\u00a0\u00bb, assure le Quai d&rsquo;Orsay. La flottille internationale Global Sumud comptait environ 45\u00a0navires et avait \u00e0 son bord des centaines de militants d\u00e9sireux d&rsquo;apporter de l&rsquo;aide humanitaire.<\/p>\n","protected":false},"excerpt":{"rendered":"\u00ab\u00a0Nos \u00e9quipes ont pu rencontrer tous nos compatriotes, qui vont bien\u00a0\u00bb, a assur\u00e9, dimanche soir, le minist\u00e8re des&hellip;\n","protected":false},"author":2,"featured_media":441352,"comment_status":"","ping_status":"","sticky":false,"template":"","format":"standard","meta":{"footnotes":""},"categories":[1888],"tags":[1111,1928,11,1927,1777,674,1011,27,12,1926,626,1925,25],"class_list":{"0":"post-441351","1":"post","2":"type-post","3":"status-publish","4":"format-standard","5":"has-post-thumbnail","7":"category-paris","8":"tag-actu","9":"tag-actu-paris","10":"tag-actualites","11":"tag-actualites-paris","12":"tag-eu","13":"tag-europe","14":"tag-fr","15":"tag-france","16":"tag-news","17":"tag-news-paris","18":"tag-paris","19":"tag-paris-news","20":"tag-republique-francaise"},"share_on_mastodon":{"url":"https:\/\/pubeurope.com\/@fr\/115323159664012367","error":""},"_links":{"self":[{"href":"https:\/\/www.europesays.com\/fr\/wp-json\/wp\/v2\/posts\/441351","targetHints":{"allow":["GET"]}}],"collection":[{"href":"https:\/\/www.europesays.com\/fr\/wp-json\/wp\/v2\/posts"}],"about":[{"href":"https:\/\/www.europesays.com\/fr\/wp-json\/wp\/v2\/types\/post"}],"author":[{"embeddable":true,"href":"https:\/\/www.europesays.com\/fr\/wp-json\/wp\/v2\/users\/2"}],"replies":[{"embeddable":true,"href":"https:\/\/www.europesays.com\/fr\/wp-json\/wp\/v2\/comments?post=441351"}],"version-history":[{"count":0,"href":"https:\/\/www.europesays.com\/fr\/wp-json\/wp\/v2\/posts\/441351\/revisions"}],"wp:featuredmedia":[{"embeddable":true,"href":"https:\/\/www.europesays.com\/fr\/wp-json\/wp\/v2\/media\/441352"}],"wp:attachment":[{"href":"https:\/\/www.europesays.com\/fr\/wp-json\/wp\/v2\/media?parent=441351"}],"wp:term":[{"taxonomy":"category","embeddable":true,"href":"https:\/\/www.europesays.com\/fr\/wp-json\/wp\/v2\/categories?post=441351"},{"taxonomy":"post_tag","embeddable":true,"href":"https:\/\/www.europesays.com\/fr\/wp-json\/wp\/v2\/tags?post=441351"}],"curies":[{"name":"wp","href":"https:\/\/api.w.org\/{rel}","templated":true}]}}