{"id":441353,"date":"2025-10-05T19:15:28","date_gmt":"2025-10-05T19:15:28","guid":{"rendered":"https:\/\/www.europesays.com\/fr\/441353\/"},"modified":"2025-10-05T19:15:28","modified_gmt":"2025-10-05T19:15:28","slug":"comment-la-polemique-visant-anne-hidalgo-sest-etendue-aux-maires-darrondissement-de-la-capitale","status":"publish","type":"post","link":"https:\/\/www.europesays.com\/fr\/441353\/","title":{"rendered":"comment la pol\u00e9mique visant Anne Hidalgo s&rsquo;est \u00e9tendue aux maires d&rsquo;arrondissement de la capitale"},"content":{"rendered":"\n<p class=\"c-chapo \">\n  Plusieurs \u00e9lus locaux sont \u00e9pingl\u00e9s pour des d\u00e9penses de repr\u00e9sentation qu&rsquo;ils ont r\u00e9alis\u00e9es dans l&rsquo;exercice de leurs fonctions, entre 2020 et 2024.\n<\/p>\n<p>      lire plus tard<\/p>\n<p id=\"dialog__title\" class=\"dialog__title\">Pour sauvegarder cet article, connectez-vous ou cr\u00e9ez un compte franceinfo<\/p>\n<p class=\"dialog__description\">Sans paiement. Sans abonnement.<\/p>\n<p>        Fermer la fen\u00eatre d\u2019activation des notifications France Info<\/p>\n<p>      cr\u00e9er votre compte<\/p>\n<p>      se connecter<\/p>\n<p>        Fermer la fen\u00eatre de pr\u00e9sentation<\/p>\n<p>    <img loading=\"lazy\" decoding=\"async\" class=\"signature__image lazyload\" width=\"100\" height=\"100\" data- alt=\"\" src=\"https:\/\/www.europesays.com\/fr\/wp-content\/uploads\/2025\/07\/64e385df259cf_thibaud-template-live.png\"\/><\/p>\n<p>    Publi\u00e9 le 05\/10\/2025 15:18<\/p>\n<p>        Temps de lecture : 5min<\/p>\n<p>    <img decoding=\"async\"  alt=\"La maire socialiste de Paris, Anne Hidalgo, lors d'une c\u00e9r\u00e9monie li\u00e9e \u00e0 l'h\u00e9ritage olympique de la capitale, le 26 juillet 2025. (DANIEL PERRON \/ HANS LUCAS \/ AFP)\" width=\"432\" height=\"243\" src=\"https:\/\/www.europesays.com\/fr\/wp-content\/uploads\/2025\/10\/080-hl-dperron-2839997-68e2407670c5f999352135.jpg\" fetchpriority=\"high\"\/><\/p>\n<p>      La maire socialiste de Paris, Anne Hidalgo, lors d&rsquo;une c\u00e9r\u00e9monie li\u00e9e \u00e0 l&rsquo;h\u00e9ritage olympique de la capitale, le 26 juillet 2025. (DANIEL PERRON \/ HANS LUCAS \/ AFP)<\/p>\n<p>A Paris, la pol\u00e9mique sur les <a href=\"https:\/\/www.franceinfo.fr\/replay-jt\/france-2\/20-heures\/mairie-de-paris-la-guerre-des-notes-de-frais_7527988.html\" rel=\"nofollow noopener\" target=\"_blank\">notes de frais<\/a> des \u00e9lus n&rsquo;en finit pas de rebondir. Apr\u00e8s la maire de la capitale, mi-septembre, c&rsquo;est au tour de plusieurs maires d&rsquo;arrondissement de faire face aux critiques. En cause, la publication par la Ville de Paris, jeudi 2 octobre, <a href=\"https:\/\/www.franceinfo.fr\/elections\/municipales\/face-a-la-polemique-anne-hidalgo-publie-les-frais-de-representation-de-tous-les-maires-d-arrondissements_7529551.html\" rel=\"nofollow noopener\" target=\"_blank\">de milliers de justificatifs des maires d&rsquo;arrondissement<\/a> relatifs aux frais de repr\u00e9sentation de ces 17 \u00e9lus locaux.<\/p>\n<p>Ce geste de transparence, per\u00e7u par certains comme une man\u0153uvre de diversion, est intervenu le jour m\u00eame de la publication, par le journal <a href=\"https:\/\/www.liberation.fr\/politique\/vetements-de-marque-grandes-tables-bols-a-prenom-revelations-sur-les-notes-de-frais-des-maires-parisiens-20251002_2UH66AFIX5C4XDHQTNZFG3C7IQ\/?redirected=1\" target=\"_blank\" rel=\"noopener nofollow\">Lib\u00e9ration<\/a>, d&rsquo;une longue enqu\u00eate se penchant sur ces notes de frais. Le d\u00e9tail des notes de frais n&rsquo;est cependant consultable que sur rendez-vous, \u00e0 l&rsquo;h\u00f4tel de ville, pr\u00e9cise l&rsquo;AFP.<\/p>\n<p>Certes, les frais de repr\u00e9sentation sont strictement encadr\u00e9s depuis l&rsquo;\u00e9lection du socialiste Bertrand Delano\u00eb \u00e0 la t\u00eate de la mairie, en 2001. Ils sont aujourd&rsquo;hui plafonn\u00e9s \u00e0 19\u00a0720 euros par an pour la maire de Paris et \u00e0 11\u00a0092 euros pour les maires d&rsquo;arrondissement, selon un memento \u00e9tabli en septembre 2020 par la commission de d\u00e9ontologie de la municipalit\u00e9. \u00ab\u00a0Depuis 2001, ces frais ont baiss\u00e9 de quasiment 10\u00a0000 euros\u00a0\u00bb pour le maire, a soulign\u00e9 en conf\u00e9rence de presse Patrick Bloche, le premier adjoint d&rsquo;Anne Hidalgo, faisant valoir leur r\u00f4le de \u00ab\u00a0garde-fou contre la corruption\u00a0\u00bb.<\/p>\n<p>Pourtant, de nombreuses d\u00e9penses ont \u00e9t\u00e9 \u00e9pingl\u00e9es depuis ces r\u00e9v\u00e9lations. C&rsquo;est le cas des lampes antiodeurs de tabac, achet\u00e9es la femme de Francis Szpiner, maire Les R\u00e9publicains (LR) du 16e arrondissement, ou des bols \u00e0 pr\u00e9nom acquis \u00e0 Cherbourg (Manche), loin de la capitale, par la maire \u00e9cologiste du 12e arrondissement, Emmanuelle Pierre-Marie. Encore plus loin de la capitale, le maire LR du 6e arrondissement, Jean-Pierre Lecoq, a r\u00e9alis\u00e9 des notes de frais pour des biens achet\u00e9s \u00e0 New York ou Londres.<\/p>\n<p>Plusieurs maires, comme Philippe Goujon (LR, 15e arrondissement) et Eric Lejoindre (Parti socialiste, 18e arrondissement), ont aussi demand\u00e9 le remboursement de repas contenant des \u00ab\u00a0menus enfants\u00a0\u00bb, rapporte Lib\u00e9ration, une d\u00e9pense qui semble \u00e9loign\u00e9e du caract\u00e8re de repr\u00e9sentation d&rsquo;un \u00e9lu. D&rsquo;un point de vue formel, des mentions obligatoires, comme le nom des convives lors d&rsquo;un repas ou le justificatif de paiement, manquent sur certaines notes de frais, pr\u00e9cise le quotidien de gauche.<\/p>\n<p>D&rsquo;autres \u00e9lus ont quant \u00e0 eux \u00e9t\u00e9 critiqu\u00e9s pour le montant de leurs d\u00e9penses de repr\u00e9sentation durant ces quatre ann\u00e9es. Par exemple, des maires de gauche et de droite ont r\u00e9guli\u00e8rement demand\u00e9 le remboursement d&rsquo;additions d\u00e9passant les 100 euros par personne au restaurant. \u00ab\u00a0J&rsquo;invite essentiellement des \u00e9lus ou des personnalit\u00e9s de mon arrondissement, avec qui il faut \u00eatre agr\u00e9able et que je ne vais pas inviter au McDo\u00a0\u00bb, s&rsquo;est d\u00e9fendu aupr\u00e8s de Lib\u00e9ration Philippe Goujon, dont les notes de frais sont proches des 150 euros par invit\u00e9.<\/p>\n<p>De son c\u00f4t\u00e9, Jeanne d&rsquo;Hauteserre, maire LR du 8e arrondissement, a d\u00e9pens\u00e9 35\u00a0779,65 euros de frais de v\u00eatements entre 2020 et 2024. \u00ab\u00a0On me montre partout depuis trois jours, avec cette image de maire toujours bien sap\u00e9e, toujours \u00e9l\u00e9gante, je suis quand m\u00eame maire du 8e arrondissement. Chaque maire a une enveloppe de 990 euros par mois et chaque maire peut la d\u00e9penser comme il veut. Moi, j&rsquo;ai pr\u00e9f\u00e9r\u00e9 m&rsquo;acheter des fringues pour \u00eatre bien sap\u00e9e\u00a0\u00bb, a avanc\u00e9 Jeanne d&rsquo;Hauteserre sur <a href=\"https:\/\/x.com\/BFMTV\/status\/1974516749690093966\" target=\"_blank\" rel=\"noopener nofollow\">BFMTV<\/a>, samedi soir.<\/p>\n<p>L&rsquo;\u00e9lue, qui \u00ab\u00a0essaie d&rsquo;acheter des produits fran\u00e7ais et de bonne qualit\u00e9\u00a0\u00bb, \u00ab\u00a0profite\u00a0\u00bb par ailleurs \u00ab\u00a0de l&rsquo;occasion pour remercier tous nos concitoyens et concitoyennes qui travaillent et qui nous permettent d&rsquo;avoir ces indemnit\u00e9s\u00a0\u00bb. De l&rsquo;autre c\u00f4t\u00e9 du spectre des d\u00e9penses, Rachida Dati, maire LR du 7e arrondissement <a href=\"https:\/\/www.franceinfo.fr\/politique\/rachida-dati\/le-proces-de-rachida-dati-pour-corruption-est-prevu-du-16-au-28-septembre-2026-annonce-le-tribunal-de-paris_7521307.html\" rel=\"nofollow noopener\" target=\"_blank\">jug\u00e9e en septembre 2026 pour corruption dans l&rsquo;affaire Renault-Nissan<\/a>, n&rsquo;a utilis\u00e9 que quelques centaines d&rsquo;euros sur les pr\u00e8s de 50\u00a0000 euros \u00e0 sa disposition sur la p\u00e9riode.<\/p>\n<p>\u00ab\u00a0M\u00eame si le montant est \u00e9lev\u00e9, du moment qu&rsquo;il est public et qu&rsquo;il y a un contr\u00f4le, il n&rsquo;y a pas de probl\u00e8me\u00a0\u00bb, estime aupr\u00e8s de l&rsquo;AFP Samuel Boissaye, de l&rsquo;ONG Transparency International. Pour lui, la question devient politique et il revient aux \u00e9lus \u00ab\u00a0d&rsquo;assumer publiquement l&rsquo;achat de chaussures \u00e0 770 euros ou un repas \u00e0 150 euros\u00a0\u00bb.<\/p>\n<p>Dans le m\u00eame temps, plusieurs voix se font entendre, chez des \u00e9lus parisiens de sensibilit\u00e9s diverses, pour r\u00e9former ce syst\u00e8me, voire y mettre fin. \u00ab\u00a0Je comprends que quand on voit cette crise de surendettement \u00e0 Paris, les Parisiens puissent \u00eatre extr\u00eamement choqu\u00e9s. Il y a une demande d&rsquo;exemplarit\u00e9 des \u00e9lus. Le mieux est de supprimer les notes de frais\u00a0\u00bb, a plaid\u00e9 sur franceinfo, samedi, la s\u00e9natrice LR Agn\u00e8s Evren.<\/p>\n<blockquote class=\"twitter-tweet\">\n<p lang=\"fr\" dir=\"ltr\">Pol\u00e9miques sur les notes de frais des \u00e9lus \u00e0 Paris : \u00ab\u00a0Il faut les supprimer. Il y a une demande d&rsquo;exemplarit\u00e9 des \u00e9lus\u00a0\u00bb, estime la s\u00e9natrice Agn\u00e8s Evren, porte-parole de LR <a href=\"https:\/\/t.co\/LR1YLFfeA4\" rel=\"nofollow\">pic.twitter.com\/LR1YLFfeA4<\/a><\/p>\n<p>\u2014 franceinfo (@franceinfo) <a href=\"https:\/\/twitter.com\/franceinfo\/status\/1974372335818788939?ref_src=twsrc%5Etfw\" rel=\"nofollow noopener\" target=\"_blank\">October 4, 2025<\/a><\/p><\/blockquote>\n<p>\u00ab\u00a0Dans la situation actuelle, o\u00f9 l&rsquo;on demande \u00e0 nos concitoyens de faire des efforts, je pense qu&rsquo;il faut qu&rsquo;on supprime tous ces privil\u00e8ges\u00a0\u00bb, a aussi d\u00e9clar\u00e9 Jeanne d&rsquo;Hauteserre, sur BFMTV, samedi. Au vu de \u00ab\u00a0l&rsquo;\u00e9moi suscit\u00e9\u00a0\u00bb par ces r\u00e9v\u00e9lations, l&rsquo;\u00e9lu communiste Ian Brossat, candidat aux municipales de 2026, juge quant \u00e0 lui n\u00e9cessaire de \u00ab\u00a0supprimer totalement\u00a0\u00bb les frais de mandat, a-t-il expliqu\u00e9 \u00e0 l&rsquo;AFP.<\/p>\n<p><script async src=\"https:\/\/platform.twitter.com\/widgets.js\" charset=\"utf-8\"><\/script><\/p>\n","protected":false},"excerpt":{"rendered":"Plusieurs \u00e9lus locaux sont \u00e9pingl\u00e9s pour des d\u00e9penses de repr\u00e9sentation qu&rsquo;ils ont r\u00e9alis\u00e9es dans l&rsquo;exercice de leurs fonctions,&hellip;\n","protected":false},"author":2,"featured_media":441354,"comment_status":"","ping_status":"","sticky":false,"template":"","format":"standard","meta":{"footnotes":""},"categories":[1888],"tags":[1111,1928,11,1927,1777,674,1011,27,12,1926,626,1925,25],"class_list":{"0":"post-441353","1":"post","2":"type-post","3":"status-publish","4":"format-standard","5":"has-post-thumbnail","7":"category-paris","8":"tag-actu","9":"tag-actu-paris","10":"tag-actualites","11":"tag-actualites-paris","12":"tag-eu","13":"tag-europe","14":"tag-fr","15":"tag-france","16":"tag-news","17":"tag-news-paris","18":"tag-paris","19":"tag-paris-news","20":"tag-republique-francaise"},"share_on_mastodon":{"url":"https:\/\/pubeurope.com\/@fr\/115323163489016263","error":""},"_links":{"self":[{"href":"https:\/\/www.europesays.com\/fr\/wp-json\/wp\/v2\/posts\/441353","targetHints":{"allow":["GET"]}}],"collection":[{"href":"https:\/\/www.europesays.com\/fr\/wp-json\/wp\/v2\/posts"}],"about":[{"href":"https:\/\/www.europesays.com\/fr\/wp-json\/wp\/v2\/types\/post"}],"author":[{"embeddable":true,"href":"https:\/\/www.europesays.com\/fr\/wp-json\/wp\/v2\/users\/2"}],"replies":[{"embeddable":true,"href":"https:\/\/www.europesays.com\/fr\/wp-json\/wp\/v2\/comments?post=441353"}],"version-history":[{"count":0,"href":"https:\/\/www.europesays.com\/fr\/wp-json\/wp\/v2\/posts\/441353\/revisions"}],"wp:featuredmedia":[{"embeddable":true,"href":"https:\/\/www.europesays.com\/fr\/wp-json\/wp\/v2\/media\/441354"}],"wp:attachment":[{"href":"https:\/\/www.europesays.com\/fr\/wp-json\/wp\/v2\/media?parent=441353"}],"wp:term":[{"taxonomy":"category","embeddable":true,"href":"https:\/\/www.europesays.com\/fr\/wp-json\/wp\/v2\/categories?post=441353"},{"taxonomy":"post_tag","embeddable":true,"href":"https:\/\/www.europesays.com\/fr\/wp-json\/wp\/v2\/tags?post=441353"}],"curies":[{"name":"wp","href":"https:\/\/api.w.org\/{rel}","templated":true}]}}