{"id":441357,"date":"2025-10-05T19:17:20","date_gmt":"2025-10-05T19:17:20","guid":{"rendered":"https:\/\/www.europesays.com\/fr\/441357\/"},"modified":"2025-10-05T19:17:20","modified_gmt":"2025-10-05T19:17:20","slug":"lille-psg-la-composition-officielle-de-paris-avec-22-ans-de-moyenne-dage-et-la-surprise-ndjantou","status":"publish","type":"post","link":"https:\/\/www.europesays.com\/fr\/441357\/","title":{"rendered":"Lille-PSG\u00a0: la composition officielle de Paris avec 22 ans de moyenne d\u2019\u00e2ge et la surprise Ndjantou"},"content":{"rendered":"<p class=\"paragraph text_align_left lp-f-body-02\">Comme on pouvait s\u2019y attendre, Luis Enrique effectue encore une grosse rotation ce dimanche soir \u00e0 Lille (20h45), en cl\u00f4ture de la 7e journ\u00e9e de Ligue 1. Quatre jours apr\u00e8s la victoire \u00e0 Barcelone (2-1), l\u2019entra\u00eeneur parisien a choisi de laisser Hakimi, Zabarnyi, Mendes et Vitinha sur la touche.<\/p>\n<p class=\"paragraph text_align_left lp-f-body-02\">Les champions d\u2019Europe se pr\u00e9sentent dans le Nord avec une \u00e9quipe extr\u00eamement jeune. Encens\u00e9 pour son attitude positive<a href=\"https:\/\/www.leparisien.fr\/sports\/football\/ligue-1\/lille-psg-notre-equipe-est-prete-a-surmonter-toutes-les-difficultes-clame-luis-enrique-04-10-2025-BIZQFTGM5NDYTLYRWRKORPZXEQ.php\" target=\"_self\" rel=\"nofollow noopener\"> en conf\u00e9rence de presse d\u2019avant-match<\/a>, le jeune Quentin Ndjantou (18 ans) va honorer sa premi\u00e8re titularisation avec l\u2019\u00e9quipe premi\u00e8re. Mbaye, Ramos et Barcola compl\u00e8tent la ligne d\u2019attaque.<\/p>\n<p>Sept joueurs fran\u00e7ais au coup d\u2019envoi<\/p>\n<p class=\"paragraph text_align_left lp-f-body-02\">Dans l\u2019entrejeu, Kang-in Lee et Mayulu vont d\u00e9marrer. Enfin, de droite \u00e0 gauche en d\u00e9fense, on retrouvera Za\u00efre-Emery, capitaine, Beraldo, sans doute axial droit, Pacho et Hernandez. Notons qu\u2019il y aura sept joueurs fran\u00e7ais au coup d\u2019envoi dans les rangs du PSG, une raret\u00e9.<\/p>\n<p class=\"paragraph text_align_left lp-f-body-02\">C\u00f4t\u00e9 parisien, la moyenne d\u2019\u00e2ge est de 22 ans. Lille aligne une \u00e9quipe beaucoup plus exp\u00e9riment\u00e9e, avec plus de 28 ans de moyenne. <\/p>\n<p class=\"paragraph text_align_left lp-f-body-02\"><b>La compo du PSG :<\/b> Chevalier &#8211; Za\u00efre-Emery (cap.), Beraldo, Pacho, Hernandez &#8211; Mayulu, Lee, Ndjantou &#8211; Mbaye, Ramos, Barcola<\/p>\n","protected":false},"excerpt":{"rendered":"Comme on pouvait s\u2019y attendre, Luis Enrique effectue encore une grosse rotation ce dimanche soir \u00e0 Lille (20h45),&hellip;\n","protected":false},"author":2,"featured_media":441358,"comment_status":"","ping_status":"","sticky":false,"template":"","format":"standard","meta":{"footnotes":""},"categories":[1888],"tags":[11,1777,674,63,1011,27,66,12,626,25,60],"class_list":{"0":"post-441357","1":"post","2":"type-post","3":"status-publish","4":"format-standard","5":"has-post-thumbnail","7":"category-paris","8":"tag-actualites","9":"tag-eu","10":"tag-europe","11":"tag-football","12":"tag-fr","13":"tag-france","14":"tag-ligue-1","15":"tag-news","16":"tag-paris","17":"tag-republique-francaise","18":"tag-sports"},"share_on_mastodon":{"url":"https:\/\/pubeurope.com\/@fr\/115323171193299243","error":""},"_links":{"self":[{"href":"https:\/\/www.europesays.com\/fr\/wp-json\/wp\/v2\/posts\/441357","targetHints":{"allow":["GET"]}}],"collection":[{"href":"https:\/\/www.europesays.com\/fr\/wp-json\/wp\/v2\/posts"}],"about":[{"href":"https:\/\/www.europesays.com\/fr\/wp-json\/wp\/v2\/types\/post"}],"author":[{"embeddable":true,"href":"https:\/\/www.europesays.com\/fr\/wp-json\/wp\/v2\/users\/2"}],"replies":[{"embeddable":true,"href":"https:\/\/www.europesays.com\/fr\/wp-json\/wp\/v2\/comments?post=441357"}],"version-history":[{"count":0,"href":"https:\/\/www.europesays.com\/fr\/wp-json\/wp\/v2\/posts\/441357\/revisions"}],"wp:featuredmedia":[{"embeddable":true,"href":"https:\/\/www.europesays.com\/fr\/wp-json\/wp\/v2\/media\/441358"}],"wp:attachment":[{"href":"https:\/\/www.europesays.com\/fr\/wp-json\/wp\/v2\/media?parent=441357"}],"wp:term":[{"taxonomy":"category","embeddable":true,"href":"https:\/\/www.europesays.com\/fr\/wp-json\/wp\/v2\/categories?post=441357"},{"taxonomy":"post_tag","embeddable":true,"href":"https:\/\/www.europesays.com\/fr\/wp-json\/wp\/v2\/tags?post=441357"}],"curies":[{"name":"wp","href":"https:\/\/api.w.org\/{rel}","templated":true}]}}