{"id":441359,"date":"2025-10-05T19:18:18","date_gmt":"2025-10-05T19:18:18","guid":{"rendered":"https:\/\/www.europesays.com\/fr\/441359\/"},"modified":"2025-10-05T19:18:18","modified_gmt":"2025-10-05T19:18:18","slug":"invasion-de-lukraine-zelensky-denonce-le-silence-de-loccident-a-la-suite-dune-attaque-russe-a-grande-echelle","status":"publish","type":"post","link":"https:\/\/www.europesays.com\/fr\/441359\/","title":{"rendered":"Invasion de l&rsquo;Ukraine &#8211; Zelensky d\u00e9nonce le silence de l&rsquo;Occident \u00e0 la suite d&rsquo;une attaque russe \u00e0 grande \u00e9chelle"},"content":{"rendered":"<p class=\"ap-StoryElement ap-StoryElement--mb ap-StoryText\">\u00ab\u00a0Une seule fus\u00e9e russe Kinzhal contient 96 pi\u00e8ces fabriqu\u00e9es \u00e0 l&rsquo;\u00e9tranger, dont beaucoup sont des composants tr\u00e8s importants que la Russie ne produit pas elle-m\u00eame\u00a0\u00bb, a-t-il ajout\u00e9, pointant sp\u00e9cifiquement du doigt les \u00c9tats-Unis, la Chine, Ta\u00efwan, le Royaume-Uni, l&rsquo;Allemagne, la Suisse, le Japon, la Cor\u00e9e et les Pays-Bas.<\/p>\n<p class=\"ap-StoryElement ap-StoryElement--mb ap-StoryText\">Toujours selon M. Zelensky, les informations n\u00e9cessaires \u00e0 la mise en place de sanctions ont \u00e9t\u00e9 fournies aux participants au prochain sommet du G7. \u00ab\u00a0Les informations ont \u00e9t\u00e9 partag\u00e9es. Il est maintenant temps d&rsquo;agir\u00a0\u00bb, a-t-il affirm\u00e9 sur le r\u00e9seau social X.<\/p>\n<p class=\"ap-StoryElement ap-StoryElement--mb ap-StoryText\">Cinq personnes ont \u00e9t\u00e9 tu\u00e9es et 18 bless\u00e9es dimanche dans des frappes russes sur les r\u00e9gions ukrainiennes de Zaporijjia (sud) et de Lviv (ouest).<\/p>\n","protected":false},"excerpt":{"rendered":"\u00ab\u00a0Une seule fus\u00e9e russe Kinzhal contient 96 pi\u00e8ces fabriqu\u00e9es \u00e0 l&rsquo;\u00e9tranger, dont beaucoup sont des composants tr\u00e8s importants&hellip;\n","protected":false},"author":2,"featured_media":2837,"comment_status":"","ping_status":"","sticky":false,"template":"","format":"standard","meta":{"footnotes":""},"categories":[1591],"tags":[11,1887,1146,12,1885,1886,132,220,809],"class_list":{"0":"post-441359","1":"post","2":"type-post","3":"status-publish","4":"format-standard","5":"has-post-thumbnail","7":"category-russie","8":"tag-actualites","9":"tag-federation-de-russie","10":"tag-guerre","11":"tag-news","12":"tag-russia","13":"tag-russian-federation","14":"tag-russie","15":"tag-ukraine","16":"tag-violence"},"share_on_mastodon":{"url":"https:\/\/pubeurope.com\/@fr\/115323175257382737","error":""},"_links":{"self":[{"href":"https:\/\/www.europesays.com\/fr\/wp-json\/wp\/v2\/posts\/441359","targetHints":{"allow":["GET"]}}],"collection":[{"href":"https:\/\/www.europesays.com\/fr\/wp-json\/wp\/v2\/posts"}],"about":[{"href":"https:\/\/www.europesays.com\/fr\/wp-json\/wp\/v2\/types\/post"}],"author":[{"embeddable":true,"href":"https:\/\/www.europesays.com\/fr\/wp-json\/wp\/v2\/users\/2"}],"replies":[{"embeddable":true,"href":"https:\/\/www.europesays.com\/fr\/wp-json\/wp\/v2\/comments?post=441359"}],"version-history":[{"count":0,"href":"https:\/\/www.europesays.com\/fr\/wp-json\/wp\/v2\/posts\/441359\/revisions"}],"wp:featuredmedia":[{"embeddable":true,"href":"https:\/\/www.europesays.com\/fr\/wp-json\/wp\/v2\/media\/2837"}],"wp:attachment":[{"href":"https:\/\/www.europesays.com\/fr\/wp-json\/wp\/v2\/media?parent=441359"}],"wp:term":[{"taxonomy":"category","embeddable":true,"href":"https:\/\/www.europesays.com\/fr\/wp-json\/wp\/v2\/categories?post=441359"},{"taxonomy":"post_tag","embeddable":true,"href":"https:\/\/www.europesays.com\/fr\/wp-json\/wp\/v2\/tags?post=441359"}],"curies":[{"name":"wp","href":"https:\/\/api.w.org\/{rel}","templated":true}]}}