{"id":441362,"date":"2025-10-05T19:20:21","date_gmt":"2025-10-05T19:20:21","guid":{"rendered":"https:\/\/www.europesays.com\/fr\/441362\/"},"modified":"2025-10-05T19:20:21","modified_gmt":"2025-10-05T19:20:21","slug":"shutdown-budgetaire-aux-etats-unis-les-republicains-reiterent-la-menace-des-licenciements","status":"publish","type":"post","link":"https:\/\/www.europesays.com\/fr\/441362\/","title":{"rendered":"\u00abShutdown\u00bb budg\u00e9taire aux \u00c9tats-Unis: les r\u00e9publicains r\u00e9it\u00e8rent la menace des licenciements"},"content":{"rendered":"<p>Les cons\u00e9quences de la paralysie budg\u00e9taire aux \u00c9tats-Unis vont \u00eatre de plus en plus n\u00e9fastes, avec la perspective de licenciements massifs de fonctionnaires, ont de nouveau averti dimanche des dirigeants r\u00e9publicains et un conseiller de Donald Trump.<\/p>\n<p>Cette menace est brandie par le pr\u00e9sident lui-m\u00eame depuis le d\u00e9but, mercredi, de ce blocage budg\u00e9taire dont la majorit\u00e9 r\u00e9publicaine et l\u2019opposition d\u00e9mocrate se renvoient la responsabilit\u00e9.<\/p>\n<p>Ce \u00ab\u00a0shutdown\u00a0\u00bb, qui entrera lundi dans sa deuxi\u00e8me semaine, ne montre encore aucun signe d\u2019apaisement.<\/p>\n<p>Aucune discussion n\u2019a eu lieu entre les principaux dirigeants du Congr\u00e8s depuis leur r\u00e9union infructueuse \u00e0 la Maison-Blanche lundi, selon un haut responsable d\u00e9mocrate. Son camp refuse de c\u00e9der sur la question cruciale des subventions \u00e0 l\u2019assurance sant\u00e9.<\/p>\n<p>\u00ab\u00a0Si le pr\u00e9sident estime que les n\u00e9gociations ne m\u00e8nent absolument nulle part, alors les licenciements commenceront\u00a0\u00bb, a menac\u00e9 dimanche Kevin Hassett, le principal conseiller \u00e9conomique de Donald Trump, interrog\u00e9 sur CNN.<\/p>\n<p>\u00ab\u00a0Nous gardons l\u2019espoir qu\u2019avec un nouveau d\u00e9part en d\u00e9but de semaine, nous puissions convaincre les d\u00e9mocrates que le bon sens est d\u2019\u00e9viter de tels licenciements\u00a0\u00bb, a-t-il ajout\u00e9.<\/p>\n<p>De son c\u00f4t\u00e9, le chef de la majorit\u00e9 r\u00e9publicaine au S\u00e9nat, John Thune, a reconnu que les deux camps se trouvaient toujours \u00ab\u00a0dans l\u2019impasse\u00a0\u00bb et laiss\u00e9 entendre que davantage de travailleurs am\u00e9ricains allaient en payer le prix.<\/p>\n<p>\u00ab\u00a0Cela va devenir g\u00eanant\u00a0\u00bb, a-t-il sous-entendu sur Fox News, tout en confirmant que des discussions en coulisses se poursuivaient sur une possible prolongation des subventions \u00e0 l\u2019\u00ab\u00a0Obamacare\u00a0\u00bb, le programme d\u2019assurance sant\u00e9 pour les classes populaires.<\/p>\n<p>Combien de temps le blocage, in\u00e9dit depuis sept ans, peut-il se prolonger\u00a0? \u00ab\u00a0Aussi longtemps que les d\u00e9mocrates le voudront\u00a0\u00bb, a r\u00e9pondu John Thune.<\/p>\n<p>En mars, lorsqu\u2019une menace de paralysie planait d\u00e9j\u00e0, les d\u00e9mocrates avaient c\u00e9d\u00e9 les premiers, une minorit\u00e9 d\u2019entre eux acceptant de voter une r\u00e9solution r\u00e9publicaine maintenant ces subventions pour six mois seulement.<\/p>\n<p>\u00ab\u00a0Si les r\u00e9publicains continuent de refuser de prolonger les aides fiscales\u00a0\u00bb de l\u2019Obamacare, \u00ab\u00a0des dizaines de millions de contribuables vont subir une augmentation spectaculaire\u00a0\u00bb des co\u00fbts pour leur sant\u00e9, a d\u00e9clar\u00e9 sur NBC Hakeem Jeffries, chef de la minorit\u00e9 d\u00e9mocrate \u00e0 la Chambre des repr\u00e9sentants.<\/p>\n<p>Des centaines de milliers de fonctionnaires \u00ab\u00a0non-essentiels\u00a0\u00bb sont au ch\u00f4mage technique depuis mercredi et ne re\u00e7oivent pas de salaire. \u00c0 moins d\u2019\u00eatre licenci\u00e9s, ils devraient voir r\u00e9gulariser leur situation \u00e0 la fin de cette paralysie, une situation tr\u00e8s impopulaire qui avait dur\u00e9 35 jours lors du dernier \u00e9pisode, sous le premier mandat de Donald Trump.<\/p>\n","protected":false},"excerpt":{"rendered":"Les cons\u00e9quences de la paralysie budg\u00e9taire aux \u00c9tats-Unis vont \u00eatre de plus en plus n\u00e9fastes, avec la perspective&hellip;\n","protected":false},"author":2,"featured_media":441363,"comment_status":"","ping_status":"","sticky":false,"template":"","format":"standard","meta":{"footnotes":""},"categories":[1589],"tags":[11,73,1866,12,1864,1865,1863,308],"class_list":{"0":"post-441362","1":"post","2":"type-post","3":"status-publish","4":"format-standard","5":"has-post-thumbnail","7":"category-etats-unis","8":"tag-actualites","9":"tag-etats-unis","10":"tag-etats-unis-damerique","11":"tag-news","12":"tag-united-states","13":"tag-united-states-of-america","14":"tag-us","15":"tag-usa"},"share_on_mastodon":{"url":"https:\/\/pubeurope.com\/@fr\/115323183131129096","error":""},"_links":{"self":[{"href":"https:\/\/www.europesays.com\/fr\/wp-json\/wp\/v2\/posts\/441362","targetHints":{"allow":["GET"]}}],"collection":[{"href":"https:\/\/www.europesays.com\/fr\/wp-json\/wp\/v2\/posts"}],"about":[{"href":"https:\/\/www.europesays.com\/fr\/wp-json\/wp\/v2\/types\/post"}],"author":[{"embeddable":true,"href":"https:\/\/www.europesays.com\/fr\/wp-json\/wp\/v2\/users\/2"}],"replies":[{"embeddable":true,"href":"https:\/\/www.europesays.com\/fr\/wp-json\/wp\/v2\/comments?post=441362"}],"version-history":[{"count":0,"href":"https:\/\/www.europesays.com\/fr\/wp-json\/wp\/v2\/posts\/441362\/revisions"}],"wp:featuredmedia":[{"embeddable":true,"href":"https:\/\/www.europesays.com\/fr\/wp-json\/wp\/v2\/media\/441363"}],"wp:attachment":[{"href":"https:\/\/www.europesays.com\/fr\/wp-json\/wp\/v2\/media?parent=441362"}],"wp:term":[{"taxonomy":"category","embeddable":true,"href":"https:\/\/www.europesays.com\/fr\/wp-json\/wp\/v2\/categories?post=441362"},{"taxonomy":"post_tag","embeddable":true,"href":"https:\/\/www.europesays.com\/fr\/wp-json\/wp\/v2\/tags?post=441362"}],"curies":[{"name":"wp","href":"https:\/\/api.w.org\/{rel}","templated":true}]}}