{"id":441366,"date":"2025-10-05T19:22:11","date_gmt":"2025-10-05T19:22:11","guid":{"rendered":"https:\/\/www.europesays.com\/fr\/441366\/"},"modified":"2025-10-05T19:22:11","modified_gmt":"2025-10-05T19:22:11","slug":"a-queven-on-y-a-celebre-la-fete-nationale-de-lallemagne","status":"publish","type":"post","link":"https:\/\/www.europesays.com\/fr\/441366\/","title":{"rendered":"\u00c0 Qu\u00e9ven, on y a c\u00e9l\u00e9br\u00e9 la f\u00eate nationale de l\u2019Allemagne"},"content":{"rendered":"<p>Le 3 octobre 1990 est une journ\u00e9e nationale en Allemagne qui c\u00e9l\u00e8bre la r\u00e9unification. \u00c0 Qu\u00e9ven, la jeune association Amiti\u00e9 Kewenn &#8211; BAW (initiales des trois villes jumel\u00e9es Burgunstadt, Altenkunstadt et Weismain avec Qu\u00e9ven) a c\u00e9l\u00e9br\u00e9, pour la premi\u00e8re fois, cette date en organisant une soir\u00e9e \u00e0 la Grange.<\/p>\n<p>\u00ab\u00a0C\u2019est l\u2019occasion de r\u00e9unir nos adh\u00e9rents et ceux ayant particip\u00e9 au premier \u00e9change. Nous envisageons d\u2019autres soir\u00e9es de ce type, la prochaine en novembre pour f\u00eater le Beaujolais\u00a0\u00bb, annonce Brigitte Nicaud, la pr\u00e9sidente.<\/p>\n<p>L\u2019association propose des cours le jeudi, de 18\u00a0h \u00e0 19\u00a0h pour d\u00e9butants, puis de 19\u00a0h \u00e0 20\u00a0h de conversation, avec Sakia Listle, jeune Allemande de Munich install\u00e9e \u00e0 Pont-Scorff depuis cinq ans. \u00ab\u00a0L\u2019association partira en Allemagne pour participer au march\u00e9 de No\u00ebl de Burgunstadt, nous serons aussi \u00e0 celui de Qu\u00e9ven. Nous recevrons les Allemands \u00e0 la Pentec\u00f4te\u00a0\u00bb, souligne la pr\u00e9sidente On peut encore s\u2019inscrire au cours d\u2019allemands. Contact mail\u00a0: <a href=\"https:\/\/www.letelegramme.fr\/cdn-cgi\/l\/email-protection\" class=\"__cf_email__\" data-cfemail=\"ec8d8185988589c287899b898282c18e8d9bac8b818d8580c28f8381\" target=\"_blank\" rel=\"noopener\">[email\u00a0protected]<\/a><\/p>\n","protected":false},"excerpt":{"rendered":"Le 3 octobre 1990 est une journ\u00e9e nationale en Allemagne qui c\u00e9l\u00e8bre la r\u00e9unification. \u00c0 Qu\u00e9ven, la jeune&hellip;\n","protected":false},"author":2,"featured_media":441367,"comment_status":"","ping_status":"","sticky":false,"template":"","format":"standard","meta":{"footnotes":""},"categories":[1587],"tags":[11,672,1804,1805,1803,1777,674,1801,12,11056,1802],"class_list":{"0":"post-441366","1":"post","2":"type-post","3":"status-publish","4":"format-standard","5":"has-post-thumbnail","7":"category-allemagne","8":"tag-actualites","9":"tag-allemagne","10":"tag-bundesrepublik-deutschland","11":"tag-de","12":"tag-deutschland","13":"tag-eu","14":"tag-europe","15":"tag-germany","16":"tag-news","17":"tag-queven","18":"tag-republique-federale-dallemagne"},"share_on_mastodon":{"url":"https:\/\/pubeurope.com\/@fr\/115323190882193166","error":""},"_links":{"self":[{"href":"https:\/\/www.europesays.com\/fr\/wp-json\/wp\/v2\/posts\/441366","targetHints":{"allow":["GET"]}}],"collection":[{"href":"https:\/\/www.europesays.com\/fr\/wp-json\/wp\/v2\/posts"}],"about":[{"href":"https:\/\/www.europesays.com\/fr\/wp-json\/wp\/v2\/types\/post"}],"author":[{"embeddable":true,"href":"https:\/\/www.europesays.com\/fr\/wp-json\/wp\/v2\/users\/2"}],"replies":[{"embeddable":true,"href":"https:\/\/www.europesays.com\/fr\/wp-json\/wp\/v2\/comments?post=441366"}],"version-history":[{"count":0,"href":"https:\/\/www.europesays.com\/fr\/wp-json\/wp\/v2\/posts\/441366\/revisions"}],"wp:featuredmedia":[{"embeddable":true,"href":"https:\/\/www.europesays.com\/fr\/wp-json\/wp\/v2\/media\/441367"}],"wp:attachment":[{"href":"https:\/\/www.europesays.com\/fr\/wp-json\/wp\/v2\/media?parent=441366"}],"wp:term":[{"taxonomy":"category","embeddable":true,"href":"https:\/\/www.europesays.com\/fr\/wp-json\/wp\/v2\/categories?post=441366"},{"taxonomy":"post_tag","embeddable":true,"href":"https:\/\/www.europesays.com\/fr\/wp-json\/wp\/v2\/tags?post=441366"}],"curies":[{"name":"wp","href":"https:\/\/api.w.org\/{rel}","templated":true}]}}