{"id":441370,"date":"2025-10-05T19:24:12","date_gmt":"2025-10-05T19:24:12","guid":{"rendered":"https:\/\/www.europesays.com\/fr\/441370\/"},"modified":"2025-10-05T19:24:12","modified_gmt":"2025-10-05T19:24:12","slug":"linaction-coute-des-vies-manifestation-pour-le-climat-a-bruxelles-actualites","status":"publish","type":"post","link":"https:\/\/www.europesays.com\/fr\/441370\/","title":{"rendered":"\u00ab\u00a0L&rsquo;inaction co\u00fbte des vies\u00a0\u00bb : manifestation pour le climat \u00e0 Bruxelles : Actualit\u00e9s"},"content":{"rendered":"<p class=\"lead \">A quelques semaines de la COP 30 de Bel\u00e9m, au Br\u00e9sil, des milliers de personnes ont manifest\u00e9 dimanche \u00e0 Bruxelles pour interpeller le gouvernement belge et les institutions europ\u00e9ennes sur le financement de la transition climatique.<\/p>\n<p class=\"lead \">\u00ab\u00a0La justice pour le climat maintenant !\u00a0\u00bb, \u00ab\u00a0De l&rsquo;argent pour le climat, il y en a !\u00a0\u00bb, ont scand\u00e9 les manifestants au son des tambours et des fanfares.<\/p>\n<p class=\"lead \">Cette \u00ab\u00a0Marche pour le climat\u00a0\u00bb, qui se d\u00e9roule tous les ans depuis 2017, a rassembl\u00e9 20.000 personnes selon la police belge, 30.000 selon les organisateurs. <\/p>\n<p class=\"lead \">\u00ab\u00a0On constate, en Belgique comme en Europe, que toutes les politiques font le choix de r\u00e9duire nos ambitions sur le climat\u00a0\u00bb, explique \u00e0 l&rsquo;AFP Carine Thibaut, la directrice g\u00e9n\u00e9rale d&rsquo;Amnesty international Belgique francophone.<\/p>\n<p class=\"lead \">\u00ab\u00a0On doit sortir des \u00e9nergies fossiles, de leurs financements. (&#8230;) On doit revenir \u00e0 des politiques plus ambitieuses\u00a0\u00bb. <\/p>\n<p class=\"lead \">Atermoiements des 27 Etats membres de l&rsquo;Union europ\u00e9enne sur leur objectif de r\u00e9duction des \u00e9missions de gaz \u00e0 effet de serre \u00e0 l&rsquo;horizon 2040, appels \u00e0 une possible remise en cause de l&rsquo;interdiction \u00e0 la vente des voitures thermiques neuves en 2035, nouveau report envisag\u00e9 de la loi sur la d\u00e9forestation : l&rsquo;UE est, ces derniers mois, nettement mois allante sur les grands sujets environnementaux.<\/p>\n<p class=\"lead \">\u00ab\u00a0On voit les cons\u00e9quences du changement climatiques chez nous, dans nos villes, sur nos corps, l&rsquo;\u00e9volution de la temp\u00e9rature, les incendies r\u00e9p\u00e9t\u00e9s, on aurait d\u00fb agir plus fort il y a tr\u00e8s longtemps\u00a0\u00bb, s&rsquo;insurge Donya Selahpour, une \u00e9tudiante de 25 ans, un m\u00e9gaphone \u00e0 la main.<\/p>\n<p class=\"lead \">\u00ab\u00a0Les for\u00eats sont en train de br\u00fbler. (&#8230;) Il faut qu&rsquo;on maintienne une pression sur nos institutions pour changer les choses\u00a0\u00bb, rench\u00e9rit Marlies Van der Meiren, 32 ans, qui travaille dans le secteur de la protection foresti\u00e8re.  <\/p>\n<p class=\"lead \">Il faut \u00ab\u00a0que les ambitions climatiques soient mises sur la table dans les processus de n\u00e9gociation \u00e0 l&rsquo;international, a fortiori avec la COP au Br\u00e9sil\u00a0\u00bb, mart\u00e8le Joeri Thijs, un porte-parole de l&rsquo;ONG Greenpeace, l&rsquo;un des organisateurs de cette marche. <\/p>\n<p class=\"lead \">La COP 30 aura lieu dans le nord du Br\u00e9sil, dans la capitale de l&rsquo;Etat du Par\u00e1 au sein de l&rsquo;Amazonie, du 10 au 21 novembre.<\/p>\n<p class=\"lead \">L&rsquo;objectif de limiter le r\u00e9chauffement climatique \u00e0 1,5\u00b0C par rapport \u00e0 l&rsquo;\u00e8re pr\u00e9industrielle, figurant dans l&rsquo;Accord de Paris il y a 10 ans, est \u00ab\u00a0sur le point de s&rsquo;effondrer\u00a0\u00bb, a averti fin septembre le secr\u00e9taire g\u00e9n\u00e9ral de l&rsquo;ONU Antonio Guterres,<\/p>\n<p class=\"small font-weight-bold text-gray3 \"> publi\u00e9 le 5 octobre \u00e0 20h02, AFP<\/p>\n<p>                             Partager<\/p>\n","protected":false},"excerpt":{"rendered":"A quelques semaines de la COP 30 de Bel\u00e9m, au Br\u00e9sil, des milliers de personnes ont manifest\u00e9 dimanche&hellip;\n","protected":false},"author":2,"featured_media":441371,"comment_status":"","ping_status":"","sticky":false,"template":"","format":"standard","meta":{"footnotes":""},"categories":[1586],"tags":[11,828,1129,436,1777,674,1779,1011,27,2088,12,25,1778,364],"class_list":{"0":"post-441370","1":"post","2":"type-post","3":"status-publish","4":"format-standard","5":"has-post-thumbnail","7":"category-europe","8":"tag-actualites","9":"tag-belgique","10":"tag-climat","11":"tag-environnement","12":"tag-eu","13":"tag-europe","14":"tag-european-union","15":"tag-fr","16":"tag-france","17":"tag-manifestation","18":"tag-news","19":"tag-republique-francaise","20":"tag-ue","21":"tag-union-europeenne"},"share_on_mastodon":{"url":"https:\/\/pubeurope.com\/@fr\/115323198846489411","error":""},"_links":{"self":[{"href":"https:\/\/www.europesays.com\/fr\/wp-json\/wp\/v2\/posts\/441370","targetHints":{"allow":["GET"]}}],"collection":[{"href":"https:\/\/www.europesays.com\/fr\/wp-json\/wp\/v2\/posts"}],"about":[{"href":"https:\/\/www.europesays.com\/fr\/wp-json\/wp\/v2\/types\/post"}],"author":[{"embeddable":true,"href":"https:\/\/www.europesays.com\/fr\/wp-json\/wp\/v2\/users\/2"}],"replies":[{"embeddable":true,"href":"https:\/\/www.europesays.com\/fr\/wp-json\/wp\/v2\/comments?post=441370"}],"version-history":[{"count":0,"href":"https:\/\/www.europesays.com\/fr\/wp-json\/wp\/v2\/posts\/441370\/revisions"}],"wp:featuredmedia":[{"embeddable":true,"href":"https:\/\/www.europesays.com\/fr\/wp-json\/wp\/v2\/media\/441371"}],"wp:attachment":[{"href":"https:\/\/www.europesays.com\/fr\/wp-json\/wp\/v2\/media?parent=441370"}],"wp:term":[{"taxonomy":"category","embeddable":true,"href":"https:\/\/www.europesays.com\/fr\/wp-json\/wp\/v2\/categories?post=441370"},{"taxonomy":"post_tag","embeddable":true,"href":"https:\/\/www.europesays.com\/fr\/wp-json\/wp\/v2\/tags?post=441370"}],"curies":[{"name":"wp","href":"https:\/\/api.w.org\/{rel}","templated":true}]}}