{"id":441378,"date":"2025-10-05T19:33:09","date_gmt":"2025-10-05T19:33:09","guid":{"rendered":"https:\/\/www.europesays.com\/fr\/441378\/"},"modified":"2025-10-05T19:33:09","modified_gmt":"2025-10-05T19:33:09","slug":"jose-antonio-rueda-champion-du-monde-moto3-2025","status":"publish","type":"post","link":"https:\/\/www.europesays.com\/fr\/441378\/","title":{"rendered":"Jos\u00e9 Antonio Rueda champion du monde Moto3 2025"},"content":{"rendered":"<p>N\u00e9 le 29 octobre 2005 \u00e0 S\u00e9ville (Espagne), Jos\u00e9 Rueda &#8211; de son nom complet : Jos\u00e9 Antonio Rueda Ruiz &#8211; f\u00eatera bient\u00f4t ses 20 ans avec une coupe particuli\u00e8rement savoureuse : le titre de champion du monde Moto3, d\u00e9croch\u00e9 \u00e0 Mandalika (Indon\u00e9sie) pour sa troisi\u00e8me saison compl\u00e8te en mondial.<\/p>\n<p>Le n\u00b099 valide une campagne rondement men\u00e9e sur sa KTM d&rsquo;usine, fort de 17 podiums dont neuf victoires avant sa cons\u00e9cration au GP d&rsquo;Indon\u00e9sie. Une trajectoire qui lui permet d&rsquo;aborder sa premi\u00e8re \u00ab\u00a0balle de match\u00a0\u00bb avec une avance consid\u00e9rable de 93 points sur Angel Piqueras, son principal rival. Son succ\u00e8s ce dimanche, son 10\u00e8me donc, scelle son premier sacre mondial.<\/p>\n<p>Cette distinction s&rsquo;ajoute \u00e0 son doubl\u00e9 marquant de 2022, quand il avait remport\u00e9 \u00e0 la fois la Rookies Cup et la premi\u00e8re \u00e9dition du JuniorGP. Int\u00e9gr\u00e9 \u00e0 la Red Bull Academy en 2023, Rueda s&rsquo;offre son premier podium \u00e0 Barcelone (Espagne) et la 10\u00e8me place au g\u00e9n\u00e9ral Moto3. Il conna\u00eet une deuxi\u00e8me ann\u00e9e plus compliqu\u00e9e, entre chutes, probl\u00e8mes techniques et soucis m\u00e9dicaux (appendicite). L&rsquo;espagnol signe n\u00e9anmoins sa premi\u00e8re victoire en Moto3 au GP d&rsquo;Aragon 2024.<\/p>\n<\/p>\n<p>2025 d\u00e9marre sur des bases beaucoup plus solides avec une victoire d\u00e8s le GP de Tha\u00eflande, suivi d&rsquo;un podium en Argentine et d&rsquo;une deuxi\u00e8me cons\u00e9cration aux \u00c9tats-Unis. Sa domination se mat\u00e9rialise d\u00e9finitivement avec son tripl\u00e9 \u00ab\u00a0Jerez-Le Mans-Silverstone\u00a0\u00bb, qui l&rsquo;am\u00e8ne \u00e0 un total de cinq succ\u00e8s en sept courses. Sa huiti\u00e8me victoire intervient aux Pays-Bas, suivie d&rsquo;une neuvi\u00e8me \u00e0 Saint-Marin (Italie). Le titre lui tend les bras d\u00e8s la tourn\u00e9e du Pacifique : le jeune espagnol le saisit \u00e0 pleines mains \u00e0 Mandalika.<\/p>\n<p>Jos\u00e9 Rueda grimpe en toute logique en Moto2 en 2026, toujours au sein du team Ajo et avec le soutien de KTM Red Bull. Son premier adversaire, Angel Piqueras, le suit au sein de son actuelle structure MSI Team Racing. F\u00e9licitations, champion !<\/p>\n","protected":false},"excerpt":{"rendered":"N\u00e9 le 29 octobre 2005 \u00e0 S\u00e9ville (Espagne), Jos\u00e9 Rueda &#8211; de son nom complet : Jos\u00e9 Antonio&hellip;\n","protected":false},"author":2,"featured_media":441379,"comment_status":"","ping_status":"","sticky":false,"template":"","format":"standard","meta":{"footnotes":""},"categories":[1413],"tags":[1011,27,1457,1456,60],"class_list":{"0":"post-441378","1":"post","2":"type-post","3":"status-publish","4":"format-standard","5":"has-post-thumbnail","7":"category-moto","8":"tag-fr","9":"tag-france","10":"tag-moto","11":"tag-motocycle","12":"tag-sports"},"share_on_mastodon":{"url":"https:\/\/pubeurope.com\/@fr\/115323234134528818","error":""},"_links":{"self":[{"href":"https:\/\/www.europesays.com\/fr\/wp-json\/wp\/v2\/posts\/441378","targetHints":{"allow":["GET"]}}],"collection":[{"href":"https:\/\/www.europesays.com\/fr\/wp-json\/wp\/v2\/posts"}],"about":[{"href":"https:\/\/www.europesays.com\/fr\/wp-json\/wp\/v2\/types\/post"}],"author":[{"embeddable":true,"href":"https:\/\/www.europesays.com\/fr\/wp-json\/wp\/v2\/users\/2"}],"replies":[{"embeddable":true,"href":"https:\/\/www.europesays.com\/fr\/wp-json\/wp\/v2\/comments?post=441378"}],"version-history":[{"count":0,"href":"https:\/\/www.europesays.com\/fr\/wp-json\/wp\/v2\/posts\/441378\/revisions"}],"wp:featuredmedia":[{"embeddable":true,"href":"https:\/\/www.europesays.com\/fr\/wp-json\/wp\/v2\/media\/441379"}],"wp:attachment":[{"href":"https:\/\/www.europesays.com\/fr\/wp-json\/wp\/v2\/media?parent=441378"}],"wp:term":[{"taxonomy":"category","embeddable":true,"href":"https:\/\/www.europesays.com\/fr\/wp-json\/wp\/v2\/categories?post=441378"},{"taxonomy":"post_tag","embeddable":true,"href":"https:\/\/www.europesays.com\/fr\/wp-json\/wp\/v2\/tags?post=441378"}],"curies":[{"name":"wp","href":"https:\/\/api.w.org\/{rel}","templated":true}]}}