{"id":441380,"date":"2025-10-05T19:34:11","date_gmt":"2025-10-05T19:34:11","guid":{"rendered":"https:\/\/www.europesays.com\/fr\/441380\/"},"modified":"2025-10-05T19:34:11","modified_gmt":"2025-10-05T19:34:11","slug":"le-deuxieme-penalty-pour-monaco-nexiste-pas-deplore-haise-nice","status":"publish","type":"post","link":"https:\/\/www.europesays.com\/fr\/441380\/","title":{"rendered":"le deuxi\u00e8me p\u00e9nalty pour Monaco \u00abn&rsquo;existe pas\u00bb, d\u00e9plore Haise (Nice)"},"content":{"rendered":"<p>Frustr\u00e9 de certaines d\u00e9cisions arbitrales, l\u2019entra\u00eeneur de l\u2019OGC Nice s\u2019est par ailleurs montr\u00e9 satisfait du visage de son \u00e9quipe, qui a tenu le match nul \u00e0 Monaco (2-2).<\/p>\n<p class=\"fig-paragraph\">Si, pour Franck Haise, l&rsquo;entra\u00eeneur de Nice, le deuxi\u00e8me p\u00e9nalty accord\u00e9\u00a0<a href=\"http:\/\/www.lefigaro.fr\/sports\/football\/ligue-1\/ligue-1-nice-resiste-a-monaco-dans-un-derby-anime-rennes-gache-encore-strasbourg-humilie-angers-20251005\" data-fig-type=\"NewsFlash\" data-gtm-custom-categorie=\"navigation\" data-gtm-custom-action=\"crossclick\" data-gtm-custom-label=\"Contextuel\" data-gtm-event=\"customEventSPE\" data-fig-domain=\"LEFIGARO\" target=\"_blank\" rel=\"noopener\">\u00e0 Monaco dans le derby (2-2)\u00a0<\/a>\u00abn&rsquo;existe pas\u00bb, le point pris \u00abest m\u00e9rit\u00e9\u00bb pour \u00abla r\u00e9silience, les efforts, le courage \u00e0 dix contre onze\u00bb.<\/p>\n<p class=\"fig-paragraph\">\u00abJ&rsquo;aurais aim\u00e9 malgr\u00e9 toutes les circonstances prendre trois points parce que je pense que le deuxi\u00e8me penalty n&rsquo;existe pas, a lanc\u00e9 Haise. Il ne doit pas \u00eatre siffl\u00e9 directement. Pour la qualit\u00e9 de ce qu&rsquo;on a fait \u00e0 11 contre 11 et pour la r\u00e9silience, les efforts, le courage \u00e0 10 contre 11, ce point est m\u00e9rit\u00e9.\u00bb<\/p>\n<p>                                    <a class=\"fig-a11y-skip a11y-hidden\" href=\"#fig-a11y-skip-main-inarticle\"><br \/>\n        Passer la publicit\u00e9<br \/>\n    <\/a><\/p>\n<p class=\"fig-paragraph\">Pour l&rsquo;entra\u00eeneur, \u00abil n&rsquo;y a pas de pouss\u00e9e du haut du corps et il tombe avant, il y a eu un contact au niveau de la hanche\u00bb, sur le p\u00e9nalty siffl\u00e9 contre\u00a0<a href=\"http:\/\/www.lefigaro.fr\/sports\/football\/ligue-1\/ligue-1-on-perd-un-soldat-le-nicois-moise-bombito-hospitalise-apres-une-blessure-au-tibia-20251005\" data-fig-type=\"NewsFlash\" data-gtm-custom-categorie=\"navigation\" data-gtm-custom-action=\"crossclick\" data-gtm-custom-label=\"Contextuel\" data-gtm-event=\"customEventSPE\" data-fig-domain=\"LEFIGARO\" target=\"_blank\" rel=\"noopener\">Mo\u00efse Bombito<\/a>\u00a0fautif sur Folarin Balogun (51e). \u00abSi la VAR rappelle l&rsquo;arbitre pour dire qu&rsquo;il faut aller voir, \u00e7a je veux bien l&rsquo;entendre, a-t-il dit. Mais siffler aussi vite sur une chose o\u00f9 personne ne voit rien dans un premier temps, je trouve que c&rsquo;est tr\u00e8s, tr\u00e8s s\u00e9v\u00e8re.\u00bb<\/p>\n<p>Carton rouge \u00ab\u00e9vitable\u00bb<\/p>\n<p class=\"fig-paragraph\">Il est aussi revenu sur l&rsquo;exclusion d&rsquo;Ali Abdi (34e). Cette faute \u00abest \u00e9vitable\u00bb, a regrett\u00e9 Haise. \u00abIl vient de prendre un carton jaune (24e). Il cherche \u00e0 jouer le ballon. Mais il n&rsquo;\u00e9tait pas opportun d&rsquo;essayer de le r\u00e9cup\u00e9rer. Il n&rsquo;y avait pas trop d&rsquo;int\u00e9r\u00eat \u00e0 aller mettre le pied, m\u00eame si je sais qu&rsquo;il n&rsquo;y avait pas de volont\u00e9 et qu&rsquo;il n&rsquo;a pas fait mal.\u00bb<\/p>\n<p class=\"fig-paragraph\">Malgr\u00e9 \u00e7a, Nice a tenu. \u00abLe plan, c&rsquo;\u00e9tait de retrouver un 3-4-3 tr\u00e8s compact et avec la capacit\u00e9 de fermer l&rsquo;int\u00e9rieur, de r\u00e9cup\u00e9rer le ballon dans les bonnes conditions s&rsquo;ils jouaient court, de ne pas \u00eatre trop en danger, de ne pas trop s&rsquo;ouvrir, s&rsquo;ils jouaient long, a-t-il analys\u00e9. Au fur et \u00e0 mesure, les joueurs ont pris confiance. Il fallait d&rsquo;abord avoir un bloc tr\u00e8s disciplin\u00e9. \u00c7a a plut\u00f4t \u00e9t\u00e9 bien fait.\u00bb<\/p>\n","protected":false},"excerpt":{"rendered":"Frustr\u00e9 de certaines d\u00e9cisions arbitrales, l\u2019entra\u00eeneur de l\u2019OGC Nice s\u2019est par ailleurs montr\u00e9 satisfait du visage de son&hellip;\n","protected":false},"author":2,"featured_media":441381,"comment_status":"","ping_status":"","sticky":false,"template":"","format":"standard","meta":{"footnotes":""},"categories":[1412],"tags":[1451,1452,1453,1454,1455,1011,27,3308,2268,60],"class_list":{"0":"post-441380","1":"post","2":"type-post","3":"status-publish","4":"format-standard","5":"has-post-thumbnail","7":"category-f1","8":"tag-f1","9":"tag-formula-1","10":"tag-formula1","11":"tag-formule-1","12":"tag-formule1","13":"tag-fr","14":"tag-france","15":"tag-franck-haise","16":"tag-ogc-nice","17":"tag-sports"},"share_on_mastodon":{"url":"https:\/\/pubeurope.com\/@fr\/115323238153850650","error":""},"_links":{"self":[{"href":"https:\/\/www.europesays.com\/fr\/wp-json\/wp\/v2\/posts\/441380","targetHints":{"allow":["GET"]}}],"collection":[{"href":"https:\/\/www.europesays.com\/fr\/wp-json\/wp\/v2\/posts"}],"about":[{"href":"https:\/\/www.europesays.com\/fr\/wp-json\/wp\/v2\/types\/post"}],"author":[{"embeddable":true,"href":"https:\/\/www.europesays.com\/fr\/wp-json\/wp\/v2\/users\/2"}],"replies":[{"embeddable":true,"href":"https:\/\/www.europesays.com\/fr\/wp-json\/wp\/v2\/comments?post=441380"}],"version-history":[{"count":0,"href":"https:\/\/www.europesays.com\/fr\/wp-json\/wp\/v2\/posts\/441380\/revisions"}],"wp:featuredmedia":[{"embeddable":true,"href":"https:\/\/www.europesays.com\/fr\/wp-json\/wp\/v2\/media\/441381"}],"wp:attachment":[{"href":"https:\/\/www.europesays.com\/fr\/wp-json\/wp\/v2\/media?parent=441380"}],"wp:term":[{"taxonomy":"category","embeddable":true,"href":"https:\/\/www.europesays.com\/fr\/wp-json\/wp\/v2\/categories?post=441380"},{"taxonomy":"post_tag","embeddable":true,"href":"https:\/\/www.europesays.com\/fr\/wp-json\/wp\/v2\/tags?post=441380"}],"curies":[{"name":"wp","href":"https:\/\/api.w.org\/{rel}","templated":true}]}}